{"id":9977,"date":"2025-01-17T15:35:23","date_gmt":"2025-01-17T18:35:23","guid":{"rendered":"https:\/\/hdpnoticias.com.ar\/?p=9977"},"modified":"2025-02-07T06:30:23","modified_gmt":"2025-02-07T09:30:23","slug":"menores-en-moto-una-adolescente-de-13-anos-murio-en-accidente-en-la-escondida","status":"publish","type":"post","link":"https:\/\/hdpnoticias.com.ar\/?p=9977","title":{"rendered":"Menores en moto: una adolescente de 13 a\u00f1os muri\u00f3 en accidente en La Escondida"},"content":{"rendered":"\n<figure class=\"wp-block-image size-full\"><img loading=\"lazy\" decoding=\"async\" width=\"720\" height=\"90\" src=\"http:\/\/hdpnoticias.com.ar\/wp-content\/uploads\/2024\/05\/Copy-of-720x90-1.gif\" alt=\"\" class=\"wp-image-6806\"\/><\/figure>\n\n\n\n<p>La tarde del jueves Ana Serena Ruidiaz S\u00e1nchez, de 13 a\u00f1os, iba como acompa\u00f1antes en una motocicleta de 110 cc. conducida por un menor de 15. \u00c9ste perdi\u00f3 el control y cayeron al suelo en el barrio 100 Viviendas de La Escondida.<\/p>\n\n\n\n<p>La jovencita fue auxiliada y trasladada al hospital local, ubicado justo en frente, y desde ah\u00ed derivada de urgencia al Pedi\u00e1trico Avelino Castel\u00e1n, de Resistencia, donde muri\u00f3 poco despu\u00e9s de las 21 a causa de las lesiones sufridas: traumatismo craneoencef\u00e1lico grave, traumatismo de t\u00f3rax y m\u00faltiples fracturas.<\/p>\n\n\n\n<p>El conductor result\u00f3 ileso.<\/p>\n\n\n\n<p>Los peritos investigan la mec\u00e1nica del siniestro. En principio se supo que la moto era prestada y quien conduc\u00eda no ten\u00eda la pericia necesaria.<\/p>\n","protected":false},"excerpt":{"rendered":"<p>La tarde del jueves Ana Serena Ruidiaz S\u00e1nchez, de 13 a\u00f1os, iba como acompa\u00f1antes en una motocicleta de 110 cc. conducida por un menor de 15. \u00c9ste perdi\u00f3 el control y cayeron al suelo en el barrio 100 Viviendas de La Escondida. La jovencita fue auxiliada y trasladada al hospital local, ubicado justo en frente, [&hellip;]<\/p>\n","protected":false},"author":1,"featured_media":6676,"comment_status":"open","ping_status":"open","sticky":false,"template":"","format":"standard","meta":{"footnotes":""},"categories":[26],"tags":[2100,322,2260,602,92,2137,49,100],"class_list":["post-9977","post","type-post","status-publish","format-standard","has-post-thumbnail","hentry","category-policiales","tag-2100","tag-accidente","tag-la-escondida","tag-menores","tag-motociclista","tag-pediatrico","tag-resistencia","tag-tragedia"],"_links":{"self":[{"href":"https:\/\/hdpnoticias.com.ar\/index.php?rest_route=\/wp\/v2\/posts\/9977","targetHints":{"allow":["GET"]}}],"collection":[{"href":"https:\/\/hdpnoticias.com.ar\/index.php?rest_route=\/wp\/v2\/posts"}],"about":[{"href":"https:\/\/hdpnoticias.com.ar\/index.php?rest_route=\/wp\/v2\/types\/post"}],"author":[{"embeddable":true,"href":"https:\/\/hdpnoticias.com.ar\/index.php?rest_route=\/wp\/v2\/users\/1"}],"replies":[{"embeddable":true,"href":"https:\/\/hdpnoticias.com.ar\/index.php?rest_route=%2Fwp%2Fv2%2Fcomments&post=9977"}],"version-history":[{"count":1,"href":"https:\/\/hdpnoticias.com.ar\/index.php?rest_route=\/wp\/v2\/posts\/9977\/revisions"}],"predecessor-version":[{"id":9978,"href":"https:\/\/hdpnoticias.com.ar\/index.php?rest_route=\/wp\/v2\/posts\/9977\/revisions\/9978"}],"wp:featuredmedia":[{"embeddable":true,"href":"https:\/\/hdpnoticias.com.ar\/index.php?rest_route=\/wp\/v2\/media\/6676"}],"wp:attachment":[{"href":"https:\/\/hdpnoticias.com.ar\/index.php?rest_route=%2Fwp%2Fv2%2Fmedia&parent=9977"}],"wp:term":[{"taxonomy":"category","embeddable":true,"href":"https:\/\/hdpnoticias.com.ar\/index.php?rest_route=%2Fwp%2Fv2%2Fcategories&post=9977"},{"taxonomy":"post_tag","embeddable":true,"href":"https:\/\/hdpnoticias.com.ar\/index.php?rest_route=%2Fwp%2Fv2%2Ftags&post=9977"}],"curies":[{"name":"wp","href":"https:\/\/api.w.org\/{rel}","templated":true}]}}