{"id":9964,"date":"2025-01-15T16:32:53","date_gmt":"2025-01-15T19:32:53","guid":{"rendered":"https:\/\/hdpnoticias.com.ar\/?p=9964"},"modified":"2025-01-15T16:32:55","modified_gmt":"2025-01-15T19:32:55","slug":"un-nino-murio-al-volcar-un-carro-en-la-zona-sur-de-resistencia","status":"publish","type":"post","link":"https:\/\/hdpnoticias.com.ar\/?p=9964","title":{"rendered":"Un ni\u00f1o muri\u00f3 al volcar un carro en la zona sur de Resistencia"},"content":{"rendered":"\n<figure class=\"wp-block-image size-full\"><img loading=\"lazy\" decoding=\"async\" width=\"728\" height=\"90\" src=\"http:\/\/hdpnoticias.com.ar\/wp-content\/uploads\/2024\/05\/Nachec.gif\" alt=\"\" class=\"wp-image-6814\"\/><\/figure>\n\n\n\n<p>Minutos despu\u00e9s del mediod\u00eda de este mi\u00e9rcoles, un carro tirado por un caballo volc\u00f3 en la avenida Alberdi y la calle Charata, 15 cuadras al sur de la avenida Soberan\u00eda Nacional, en Resistencia.<\/p>\n\n\n\n<p>Era conducido por un hombre de 25 a\u00f1os y llevaba a bordo a su hermano: Cesar Encinas, de 8 a\u00f1os.<\/p>\n\n\n\n<p>Producto de las lesiones sufridas en la ca\u00edda, el peque\u00f1o muri\u00f3 en el acto.<\/p>\n\n\n\n<p>Cuando arrib\u00f3 una comisi\u00f3n de la Comisar\u00eda Sexta Metropolitana, se encontr\u00f3 con el dram\u00e1tico cuadro, pero el caballo ya no estaba en el lugar.<\/p>\n\n\n\n<p>Peritos intentan determinar la mec\u00e1nica del siniestro y qu\u00e9 provoc\u00f3 la muerte del ni\u00f1o.<\/p>\n\n\n\n<p>En Resistencia la tracci\u00f3n a sangre est\u00e1 prohibida pero la implementaci\u00f3n de la norma resulta infructuosa.<\/p>\n","protected":false},"excerpt":{"rendered":"<p>Minutos despu\u00e9s del mediod\u00eda de este mi\u00e9rcoles, un carro tirado por un caballo volc\u00f3 en la avenida Alberdi y la calle Charata, 15 cuadras al sur de la avenida Soberan\u00eda Nacional, en Resistencia. Era conducido por un hombre de 25 a\u00f1os y llevaba a bordo a su hermano: Cesar Encinas, de 8 a\u00f1os. Producto de [&hellip;]<\/p>\n","protected":false},"author":1,"featured_media":9965,"comment_status":"open","ping_status":"open","sticky":false,"template":"","format":"standard","meta":{"footnotes":""},"categories":[26],"tags":[637,537,49,100,511,97],"class_list":["post-9964","post","type-post","status-publish","format-standard","has-post-thumbnail","hentry","category-policiales","tag-carro","tag-nino","tag-resistencia","tag-tragedia","tag-vuelco","tag-zona-sur"],"_links":{"self":[{"href":"https:\/\/hdpnoticias.com.ar\/index.php?rest_route=\/wp\/v2\/posts\/9964","targetHints":{"allow":["GET"]}}],"collection":[{"href":"https:\/\/hdpnoticias.com.ar\/index.php?rest_route=\/wp\/v2\/posts"}],"about":[{"href":"https:\/\/hdpnoticias.com.ar\/index.php?rest_route=\/wp\/v2\/types\/post"}],"author":[{"embeddable":true,"href":"https:\/\/hdpnoticias.com.ar\/index.php?rest_route=\/wp\/v2\/users\/1"}],"replies":[{"embeddable":true,"href":"https:\/\/hdpnoticias.com.ar\/index.php?rest_route=%2Fwp%2Fv2%2Fcomments&post=9964"}],"version-history":[{"count":1,"href":"https:\/\/hdpnoticias.com.ar\/index.php?rest_route=\/wp\/v2\/posts\/9964\/revisions"}],"predecessor-version":[{"id":9966,"href":"https:\/\/hdpnoticias.com.ar\/index.php?rest_route=\/wp\/v2\/posts\/9964\/revisions\/9966"}],"wp:featuredmedia":[{"embeddable":true,"href":"https:\/\/hdpnoticias.com.ar\/index.php?rest_route=\/wp\/v2\/media\/9965"}],"wp:attachment":[{"href":"https:\/\/hdpnoticias.com.ar\/index.php?rest_route=%2Fwp%2Fv2%2Fmedia&parent=9964"}],"wp:term":[{"taxonomy":"category","embeddable":true,"href":"https:\/\/hdpnoticias.com.ar\/index.php?rest_route=%2Fwp%2Fv2%2Fcategories&post=9964"},{"taxonomy":"post_tag","embeddable":true,"href":"https:\/\/hdpnoticias.com.ar\/index.php?rest_route=%2Fwp%2Fv2%2Ftags&post=9964"}],"curies":[{"name":"wp","href":"https:\/\/api.w.org\/{rel}","templated":true}]}}