{"id":9940,"date":"2025-01-13T20:55:16","date_gmt":"2025-01-13T23:55:16","guid":{"rendered":"https:\/\/hdpnoticias.com.ar\/?p=9940"},"modified":"2025-01-13T20:55:19","modified_gmt":"2025-01-13T23:55:19","slug":"controlan-motos-estacionadas-cayo-una-mujer-con-una-zanella-robada","status":"publish","type":"post","link":"https:\/\/hdpnoticias.com.ar\/?p=9940","title":{"rendered":"Controlan motos estacionadas: cay\u00f3 una mujer con una Zanella robada"},"content":{"rendered":"\n<figure class=\"wp-block-image size-full\"><img loading=\"lazy\" decoding=\"async\" width=\"728\" height=\"90\" src=\"http:\/\/hdpnoticias.com.ar\/wp-content\/uploads\/2024\/05\/Nachec.gif\" alt=\"\" class=\"wp-image-6814\"\/><\/figure>\n\n\n\n<p>Efectivos de la Divisi\u00f3n Caminantes realizan controles en estacionamientos de motocicletas en el microcentro de Resistencia.<\/p>\n\n\n\n<p>Este lunes, en un operativo en la calle Jos\u00e9 Mar\u00eda Paz 200-300, descubrieron una Zanella de 110cc. sobre la que hab\u00eda un pedido de secuestro por haber sido robada el 16 de diciembre pasado.<\/p>\n\n\n\n<p>Con esta informaci\u00f3n, aguardaron la llegada del \u201cpropietario\u201d, para imponerlo de la situaci\u00f3n.<\/p>\n\n\n\n<p>Poco despu\u00e9s se present\u00f3 una mujer que dijo estar \u201ca cargo\u201d del rodado. Ella y la moto secuestrada fueron trasladadas a la Comisar\u00eda Quinta, en la zona sur de la capital, donde hab\u00eda sido radicada la denuncia.<\/p>\n","protected":false},"excerpt":{"rendered":"<p>Efectivos de la Divisi\u00f3n Caminantes realizan controles en estacionamientos de motocicletas en el microcentro de Resistencia. Este lunes, en un operativo en la calle Jos\u00e9 Mar\u00eda Paz 200-300, descubrieron una Zanella de 110cc. sobre la que hab\u00eda un pedido de secuestro por haber sido robada el 16 de diciembre pasado. Con esta informaci\u00f3n, aguardaron la [&hellip;]<\/p>\n","protected":false},"author":1,"featured_media":9941,"comment_status":"open","ping_status":"open","sticky":false,"template":"","format":"standard","meta":{"footnotes":""},"categories":[26],"tags":[4189,1362,942,98,49,77,97],"class_list":["post-9940","post","type-post","status-publish","format-standard","has-post-thumbnail","hentry","category-policiales","tag-caminantes","tag-microcentro","tag-moto","tag-quinta","tag-resistencia","tag-zanella","tag-zona-sur"],"_links":{"self":[{"href":"https:\/\/hdpnoticias.com.ar\/index.php?rest_route=\/wp\/v2\/posts\/9940","targetHints":{"allow":["GET"]}}],"collection":[{"href":"https:\/\/hdpnoticias.com.ar\/index.php?rest_route=\/wp\/v2\/posts"}],"about":[{"href":"https:\/\/hdpnoticias.com.ar\/index.php?rest_route=\/wp\/v2\/types\/post"}],"author":[{"embeddable":true,"href":"https:\/\/hdpnoticias.com.ar\/index.php?rest_route=\/wp\/v2\/users\/1"}],"replies":[{"embeddable":true,"href":"https:\/\/hdpnoticias.com.ar\/index.php?rest_route=%2Fwp%2Fv2%2Fcomments&post=9940"}],"version-history":[{"count":1,"href":"https:\/\/hdpnoticias.com.ar\/index.php?rest_route=\/wp\/v2\/posts\/9940\/revisions"}],"predecessor-version":[{"id":9942,"href":"https:\/\/hdpnoticias.com.ar\/index.php?rest_route=\/wp\/v2\/posts\/9940\/revisions\/9942"}],"wp:featuredmedia":[{"embeddable":true,"href":"https:\/\/hdpnoticias.com.ar\/index.php?rest_route=\/wp\/v2\/media\/9941"}],"wp:attachment":[{"href":"https:\/\/hdpnoticias.com.ar\/index.php?rest_route=%2Fwp%2Fv2%2Fmedia&parent=9940"}],"wp:term":[{"taxonomy":"category","embeddable":true,"href":"https:\/\/hdpnoticias.com.ar\/index.php?rest_route=%2Fwp%2Fv2%2Fcategories&post=9940"},{"taxonomy":"post_tag","embeddable":true,"href":"https:\/\/hdpnoticias.com.ar\/index.php?rest_route=%2Fwp%2Fv2%2Ftags&post=9940"}],"curies":[{"name":"wp","href":"https:\/\/api.w.org\/{rel}","templated":true}]}}