{"id":9902,"date":"2025-01-08T06:45:47","date_gmt":"2025-01-08T09:45:47","guid":{"rendered":"https:\/\/hdpnoticias.com.ar\/?p=9902"},"modified":"2025-01-08T06:45:50","modified_gmt":"2025-01-08T09:45:50","slug":"ayala-en-la-precisa-capitanich-abandono-el-pj-y-se-fue-de-vacaciones","status":"publish","type":"post","link":"https:\/\/hdpnoticias.com.ar\/?p=9902","title":{"rendered":"Ayala: En la precisa, Capitanich abandon\u00f3 el PJ y se fue de vacaciones"},"content":{"rendered":"\n<figure class=\"wp-block-image size-full\"><img loading=\"lazy\" decoding=\"async\" width=\"720\" height=\"90\" src=\"http:\/\/hdpnoticias.com.ar\/wp-content\/uploads\/2024\/05\/Obras-Publicas.gif\" alt=\"\" class=\"wp-image-6818\"\/><\/figure>\n\n\n\n<p>Mientras expiran los plazos fijados por la Carta Org\u00e1nica del Partido Justicialista para el llamado a elecciones internas, nada se sabe del paradero de su m\u00e1xima autoridad: el exgobernador Jorge Capitanich. Aunque muchos corrillos aseguran que por estos d\u00edas vacaciona en el exterior.<\/p>\n\n\n\n<p>Ac\u00e1, varios sectores del Partido Justicialista esperan la convocatoria para dirimir propuestas y candidatos a diputados provinciales para las elecciones generales del 11 de mayo, lo que deber\u00eda ocurrir este mi\u00e9rcoles.<\/p>\n\n\n\n<p>\u201cLe niegan a los afiliados la posibilidad de elegir democr\u00e1ticamente a sus candidatos. Esto no es nuevo, es la mala costumbre que tiene cierta dirigencia de decidir todo entre 4 paredes, la modalidad que nos llev\u00f3 a la derrota\u201d, dijo el diputado provincial Juan Carlos Ayala.<\/p>\n\n\n\n<p>\u201cLos mismos que se negaron a la autocr\u00edtica parece que pretenden que el pueblo peronista vaya detr\u00e1s de una lista calcada a la que armaron la \u00faltima vez, condenada al fracaso\u201d, intuy\u00f3.<\/p>\n\n\n\n<p>Para \u00e9l, el plan de estos es agotar los plazos para forzar un \u201camontonamiento\u201d bajo el eufemismo de \u201clista de unidad\u201d que, una vez m\u00e1s, \u201cno representar\u00e1 m\u00e1s que los intereses personales de algunos dirigentes, mientras los afiliados esperan en vano que les abran las puertas del partido\u201d.<\/p>\n\n\n\n<p>Ayala cree que para que el Justicialismo recupere la confianza perdida ante el electorado, debe dejar atr\u00e1s \u201cpr\u00e1cticas y personajes que la gente asocia con el sectarismo y la corrupci\u00f3n\u201d.<\/p>\n\n\n\n<p>La propuesta del sector que \u00e9l integra junto a otros diputados e intendentes como Magda Ayala, de Barranqueras, y Juan Manuel Garc\u00eda, de Machagai, para referentes del sindicalismo y organizaciones de extracci\u00f3n peronista, es que el PJ convoque a internas o, en su defecto, habilite la participaci\u00f3n directamente en la elecci\u00f3n general de todos los frentes que puedan surgir.<\/p>\n\n\n\n<p>Al respecto ya se hab\u00edan expresado el diputado Atlanto Honcheruk, jefe de la bancada del Frente Chaque\u00f1o, y la intendente de Barranqueras, al graficar: \u201cTenemos un plan A, pero tambi\u00e9n un plan B\u201d, en obvia alusi\u00f3n a la posibilidad de participar de las elecciones incluso por fuera del PJ si no se dieran las otras alternativas.<\/p>\n","protected":false},"excerpt":{"rendered":"<p>Mientras expiran los plazos fijados por la Carta Org\u00e1nica del Partido Justicialista para el llamado a elecciones internas, nada se sabe del paradero de su m\u00e1xima autoridad: el exgobernador Jorge Capitanich. Aunque muchos corrillos aseguran que por estos d\u00edas vacaciona en el exterior. Ac\u00e1, varios sectores del Partido Justicialista esperan la convocatoria para dirimir propuestas [&hellip;]<\/p>\n","protected":false},"author":1,"featured_media":1380,"comment_status":"open","ping_status":"open","sticky":false,"template":"","format":"standard","meta":{"footnotes":""},"categories":[27],"tags":[392,29,4440,1523,247,4501,1881,1337,248],"class_list":["post-9902","post","type-post","status-publish","format-standard","has-post-thumbnail","hentry","category-politica","tag-ayala","tag-capitanich","tag-frentes","tag-honcheruk","tag-internas","tag-justicialismo","tag-magda","tag-peronismo","tag-pj"],"_links":{"self":[{"href":"https:\/\/hdpnoticias.com.ar\/index.php?rest_route=\/wp\/v2\/posts\/9902","targetHints":{"allow":["GET"]}}],"collection":[{"href":"https:\/\/hdpnoticias.com.ar\/index.php?rest_route=\/wp\/v2\/posts"}],"about":[{"href":"https:\/\/hdpnoticias.com.ar\/index.php?rest_route=\/wp\/v2\/types\/post"}],"author":[{"embeddable":true,"href":"https:\/\/hdpnoticias.com.ar\/index.php?rest_route=\/wp\/v2\/users\/1"}],"replies":[{"embeddable":true,"href":"https:\/\/hdpnoticias.com.ar\/index.php?rest_route=%2Fwp%2Fv2%2Fcomments&post=9902"}],"version-history":[{"count":1,"href":"https:\/\/hdpnoticias.com.ar\/index.php?rest_route=\/wp\/v2\/posts\/9902\/revisions"}],"predecessor-version":[{"id":9903,"href":"https:\/\/hdpnoticias.com.ar\/index.php?rest_route=\/wp\/v2\/posts\/9902\/revisions\/9903"}],"wp:featuredmedia":[{"embeddable":true,"href":"https:\/\/hdpnoticias.com.ar\/index.php?rest_route=\/wp\/v2\/media\/1380"}],"wp:attachment":[{"href":"https:\/\/hdpnoticias.com.ar\/index.php?rest_route=%2Fwp%2Fv2%2Fmedia&parent=9902"}],"wp:term":[{"taxonomy":"category","embeddable":true,"href":"https:\/\/hdpnoticias.com.ar\/index.php?rest_route=%2Fwp%2Fv2%2Fcategories&post=9902"},{"taxonomy":"post_tag","embeddable":true,"href":"https:\/\/hdpnoticias.com.ar\/index.php?rest_route=%2Fwp%2Fv2%2Ftags&post=9902"}],"curies":[{"name":"wp","href":"https:\/\/api.w.org\/{rel}","templated":true}]}}