{"id":9883,"date":"2025-01-06T16:12:50","date_gmt":"2025-01-06T19:12:50","guid":{"rendered":"https:\/\/hdpnoticias.com.ar\/?p=9883"},"modified":"2025-01-06T16:12:53","modified_gmt":"2025-01-06T19:12:53","slug":"jugador-de-regional-murio-en-un-accidente-de-transito-en-la-zona-sur","status":"publish","type":"post","link":"https:\/\/hdpnoticias.com.ar\/?p=9883","title":{"rendered":"Jugador de Regional muri\u00f3 en un accidente de tr\u00e1nsito en la zona sur"},"content":{"rendered":"\n<figure class=\"wp-block-image size-full\"><img loading=\"lazy\" decoding=\"async\" width=\"728\" height=\"90\" src=\"http:\/\/hdpnoticias.com.ar\/wp-content\/uploads\/2024\/05\/Nachec.gif\" alt=\"\" class=\"wp-image-6814\"\/><\/figure>\n\n\n\n<p>Luciano Torales, de 20 a\u00f1os, jugador del Club Atl\u00e9tico Regional, que milita en la Liga Chaque\u00f1a de F\u00fatbol, muri\u00f3 la ma\u00f1ana de este lunes como consecuencia de las grav\u00edsimas lesiones sufridas la madrugada del domingo en un accidente de tr\u00e1nsito en la zona sur de Resistencia.<\/p>\n\n\n\n<p>Circulaba a bordo de una motocicleta cuando en la intersecci\u00f3n de las avenidas San Mart\u00edn y Soberan\u00eda Nacional, se top\u00f3 con un autom\u00f3vil. \u00c9l termin\u00f3 inerte sobre el pavimento, mientras su acompa\u00f1ante sufri\u00f3 la fractura de una pierna, entre otras lesiones.<\/p>\n\n\n\n<p>Ambos fueron auxiliados y trasladados al hospital Perrando. A pesar de los esfuerzos m\u00e9dicos, el cuadro de Luciano se agrav\u00f3 y el traumatismo de cr\u00e1neo que en principio hab\u00eda sido descripto como moderado, vir\u00f3 a grave. Y tras varias horas de agon\u00eda fue diagnosticada su muerte cerebral, y falleci\u00f3 minutos antes de las 10.<\/p>\n","protected":false},"excerpt":{"rendered":"<p>Luciano Torales, de 20 a\u00f1os, jugador del Club Atl\u00e9tico Regional, que milita en la Liga Chaque\u00f1a de F\u00fatbol, muri\u00f3 la ma\u00f1ana de este lunes como consecuencia de las grav\u00edsimas lesiones sufridas la madrugada del domingo en un accidente de tr\u00e1nsito en la zona sur de Resistencia. Circulaba a bordo de una motocicleta cuando en la [&hellip;]<\/p>\n","protected":false},"author":1,"featured_media":9884,"comment_status":"open","ping_status":"open","sticky":false,"template":"","format":"standard","meta":{"footnotes":""},"categories":[26],"tags":[322,4494,40,2362,49,4493,97],"class_list":["post-9883","post","type-post","status-publish","format-standard","has-post-thumbnail","hentry","category-policiales","tag-accidente","tag-muete-cerebral","tag-perrando","tag-regional","tag-resistencia","tag-torales","tag-zona-sur"],"_links":{"self":[{"href":"https:\/\/hdpnoticias.com.ar\/index.php?rest_route=\/wp\/v2\/posts\/9883","targetHints":{"allow":["GET"]}}],"collection":[{"href":"https:\/\/hdpnoticias.com.ar\/index.php?rest_route=\/wp\/v2\/posts"}],"about":[{"href":"https:\/\/hdpnoticias.com.ar\/index.php?rest_route=\/wp\/v2\/types\/post"}],"author":[{"embeddable":true,"href":"https:\/\/hdpnoticias.com.ar\/index.php?rest_route=\/wp\/v2\/users\/1"}],"replies":[{"embeddable":true,"href":"https:\/\/hdpnoticias.com.ar\/index.php?rest_route=%2Fwp%2Fv2%2Fcomments&post=9883"}],"version-history":[{"count":1,"href":"https:\/\/hdpnoticias.com.ar\/index.php?rest_route=\/wp\/v2\/posts\/9883\/revisions"}],"predecessor-version":[{"id":9885,"href":"https:\/\/hdpnoticias.com.ar\/index.php?rest_route=\/wp\/v2\/posts\/9883\/revisions\/9885"}],"wp:featuredmedia":[{"embeddable":true,"href":"https:\/\/hdpnoticias.com.ar\/index.php?rest_route=\/wp\/v2\/media\/9884"}],"wp:attachment":[{"href":"https:\/\/hdpnoticias.com.ar\/index.php?rest_route=%2Fwp%2Fv2%2Fmedia&parent=9883"}],"wp:term":[{"taxonomy":"category","embeddable":true,"href":"https:\/\/hdpnoticias.com.ar\/index.php?rest_route=%2Fwp%2Fv2%2Fcategories&post=9883"},{"taxonomy":"post_tag","embeddable":true,"href":"https:\/\/hdpnoticias.com.ar\/index.php?rest_route=%2Fwp%2Fv2%2Ftags&post=9883"}],"curies":[{"name":"wp","href":"https:\/\/api.w.org\/{rel}","templated":true}]}}