{"id":9846,"date":"2025-01-02T21:27:06","date_gmt":"2025-01-03T00:27:06","guid":{"rendered":"https:\/\/hdpnoticias.com.ar\/?p=9846"},"modified":"2025-02-07T06:06:02","modified_gmt":"2025-02-07T09:06:02","slug":"tragedia-en-villa-fabiana-una-nena-de-2-anos-se-ahogo-en-una-piscina","status":"publish","type":"post","link":"https:\/\/hdpnoticias.com.ar\/?p=9846","title":{"rendered":"Tragedia en Villa Fabiana: una nena de 2 a\u00f1os se ahog\u00f3 en una piscina"},"content":{"rendered":"\n<figure class=\"wp-block-image size-full\"><img loading=\"lazy\" decoding=\"async\" width=\"720\" height=\"90\" src=\"http:\/\/hdpnoticias.com.ar\/wp-content\/uploads\/2024\/05\/Copy-of-720x90-1.gif\" alt=\"\" class=\"wp-image-6806\"\/><figcaption class=\"wp-element-caption\">La ni\u00f1ita fue llevada por sus padres al Centro de Salud de Villa R\u00edo Negro pero ingres\u00f3 ya sin vida.<\/figcaption><\/figure>\n\n\n\n<p>Minutos antes de las 17, una pareja ingres\u00f3 al Centro de Salud de Villa R\u00edo Negro con su hija de 2 a\u00f1os desvanecida.<\/p>\n\n\n\n<p>Dijeron que mientras descansaban en una habitaci\u00f3n de su vivienda en Villa Fabiana Sur, la ni\u00f1ita abri\u00f3 una puerta corrediza y sali\u00f3 al patio, donde cay\u00f3 a la piscina. Y apenas advirtieron la situaci\u00f3n corrieron a rescatarla.<\/p>\n\n\n\n<p>Los m\u00e9dicos corroboraron que arrib\u00f3 ya sin vida.<\/p>\n\n\n\n<p>Se instruyeron acciones para determinar fehacientemente la causa de la muerte.<\/p>\n","protected":false},"excerpt":{"rendered":"<p>Minutos antes de las 17, una pareja ingres\u00f3 al Centro de Salud de Villa R\u00edo Negro con su hija de 2 a\u00f1os desvanecida. Dijeron que mientras descansaban en una habitaci\u00f3n de su vivienda en Villa Fabiana Sur, la ni\u00f1ita abri\u00f3 una puerta corrediza y sali\u00f3 al patio, donde cay\u00f3 a la piscina. Y apenas advirtieron [&hellip;]<\/p>\n","protected":false},"author":1,"featured_media":9847,"comment_status":"open","ping_status":"open","sticky":false,"template":"","format":"standard","meta":{"footnotes":""},"categories":[26],"tags":[49,4482,258],"class_list":["post-9846","post","type-post","status-publish","format-standard","has-post-thumbnail","hentry","category-policiales","tag-resistencia","tag-villa-fabiana","tag-villa-rio-negro"],"_links":{"self":[{"href":"https:\/\/hdpnoticias.com.ar\/index.php?rest_route=\/wp\/v2\/posts\/9846","targetHints":{"allow":["GET"]}}],"collection":[{"href":"https:\/\/hdpnoticias.com.ar\/index.php?rest_route=\/wp\/v2\/posts"}],"about":[{"href":"https:\/\/hdpnoticias.com.ar\/index.php?rest_route=\/wp\/v2\/types\/post"}],"author":[{"embeddable":true,"href":"https:\/\/hdpnoticias.com.ar\/index.php?rest_route=\/wp\/v2\/users\/1"}],"replies":[{"embeddable":true,"href":"https:\/\/hdpnoticias.com.ar\/index.php?rest_route=%2Fwp%2Fv2%2Fcomments&post=9846"}],"version-history":[{"count":1,"href":"https:\/\/hdpnoticias.com.ar\/index.php?rest_route=\/wp\/v2\/posts\/9846\/revisions"}],"predecessor-version":[{"id":9848,"href":"https:\/\/hdpnoticias.com.ar\/index.php?rest_route=\/wp\/v2\/posts\/9846\/revisions\/9848"}],"wp:featuredmedia":[{"embeddable":true,"href":"https:\/\/hdpnoticias.com.ar\/index.php?rest_route=\/wp\/v2\/media\/9847"}],"wp:attachment":[{"href":"https:\/\/hdpnoticias.com.ar\/index.php?rest_route=%2Fwp%2Fv2%2Fmedia&parent=9846"}],"wp:term":[{"taxonomy":"category","embeddable":true,"href":"https:\/\/hdpnoticias.com.ar\/index.php?rest_route=%2Fwp%2Fv2%2Fcategories&post=9846"},{"taxonomy":"post_tag","embeddable":true,"href":"https:\/\/hdpnoticias.com.ar\/index.php?rest_route=%2Fwp%2Fv2%2Ftags&post=9846"}],"curies":[{"name":"wp","href":"https:\/\/api.w.org\/{rel}","templated":true}]}}