{"id":9843,"date":"2025-01-02T15:35:10","date_gmt":"2025-01-02T18:35:10","guid":{"rendered":"https:\/\/hdpnoticias.com.ar\/?p=9843"},"modified":"2025-02-07T06:05:03","modified_gmt":"2025-02-07T09:05:03","slug":"mujer-desaparecida-estaba-secuestrada-en-la-zona-sur-de-resistencia","status":"publish","type":"post","link":"https:\/\/hdpnoticias.com.ar\/?p=9843","title":{"rendered":"Mujer desaparecida estaba secuestrada en la zona sur de Resistencia"},"content":{"rendered":"\n<figure class=\"wp-block-image size-full\"><img loading=\"lazy\" decoding=\"async\" width=\"728\" height=\"90\" src=\"http:\/\/hdpnoticias.com.ar\/wp-content\/uploads\/2024\/05\/Nachec.gif\" alt=\"\" class=\"wp-image-6814\"\/><\/figure>\n\n\n\n<p>Un hombre denunci\u00f3 en la Comisar\u00eda Quinta, en la zona sur de Resistencia, la desaparici\u00f3n de su hija, de 20 a\u00f1os.<\/p>\n\n\n\n<p>La Polic\u00eda inici\u00f3 una investigaci\u00f3n y despleg\u00f3 el protocolo de b\u00fasqueda de personas. As\u00ed, tras recabar informaci\u00f3n aportada por amigos y familiares, una comisi\u00f3n se dirigi\u00f3 a una vivienda del asentamiento Luchemos Juntos, tambi\u00e9n en la zona sur.<\/p>\n\n\n\n<p>En ese lugar se entrevist\u00f3 con un hombre de 30 a\u00f1os, residente en el lugar, y en una breve inspecci\u00f3n hallaron a la mujer encerrada en una habitaci\u00f3n cerrada con llave.<\/p>\n\n\n\n<p>Ella dijo haber permanecido cautiva en ese lugar el \u00faltimo tiempo.<\/p>\n\n\n\n<p>Mientras intentan determinar los pormenores del hecho, el fiscal en turno dispuso la detenci\u00f3n del hombre por la presunta comisi\u00f3n del delito de \u201cprivaci\u00f3n ileg\u00edtima de la libertad\u201d.<\/p>\n","protected":false},"excerpt":{"rendered":"<p>Un hombre denunci\u00f3 en la Comisar\u00eda Quinta, en la zona sur de Resistencia, la desaparici\u00f3n de su hija, de 20 a\u00f1os. La Polic\u00eda inici\u00f3 una investigaci\u00f3n y despleg\u00f3 el protocolo de b\u00fasqueda de personas. As\u00ed, tras recabar informaci\u00f3n aportada por amigos y familiares, una comisi\u00f3n se dirigi\u00f3 a una vivienda del asentamiento Luchemos Juntos, tambi\u00e9n [&hellip;]<\/p>\n","protected":false},"author":1,"featured_media":9844,"comment_status":"open","ping_status":"open","sticky":false,"template":"","format":"standard","meta":{"footnotes":""},"categories":[26],"tags":[4480,358,49,4481,764,97],"class_list":["post-9843","post","type-post","status-publish","format-standard","has-post-thumbnail","hentry","category-policiales","tag-cautiva","tag-desaparecida","tag-resistencia","tag-secuestrada","tag-secuestro","tag-zona-sur"],"_links":{"self":[{"href":"https:\/\/hdpnoticias.com.ar\/index.php?rest_route=\/wp\/v2\/posts\/9843","targetHints":{"allow":["GET"]}}],"collection":[{"href":"https:\/\/hdpnoticias.com.ar\/index.php?rest_route=\/wp\/v2\/posts"}],"about":[{"href":"https:\/\/hdpnoticias.com.ar\/index.php?rest_route=\/wp\/v2\/types\/post"}],"author":[{"embeddable":true,"href":"https:\/\/hdpnoticias.com.ar\/index.php?rest_route=\/wp\/v2\/users\/1"}],"replies":[{"embeddable":true,"href":"https:\/\/hdpnoticias.com.ar\/index.php?rest_route=%2Fwp%2Fv2%2Fcomments&post=9843"}],"version-history":[{"count":1,"href":"https:\/\/hdpnoticias.com.ar\/index.php?rest_route=\/wp\/v2\/posts\/9843\/revisions"}],"predecessor-version":[{"id":9845,"href":"https:\/\/hdpnoticias.com.ar\/index.php?rest_route=\/wp\/v2\/posts\/9843\/revisions\/9845"}],"wp:featuredmedia":[{"embeddable":true,"href":"https:\/\/hdpnoticias.com.ar\/index.php?rest_route=\/wp\/v2\/media\/9844"}],"wp:attachment":[{"href":"https:\/\/hdpnoticias.com.ar\/index.php?rest_route=%2Fwp%2Fv2%2Fmedia&parent=9843"}],"wp:term":[{"taxonomy":"category","embeddable":true,"href":"https:\/\/hdpnoticias.com.ar\/index.php?rest_route=%2Fwp%2Fv2%2Fcategories&post=9843"},{"taxonomy":"post_tag","embeddable":true,"href":"https:\/\/hdpnoticias.com.ar\/index.php?rest_route=%2Fwp%2Fv2%2Ftags&post=9843"}],"curies":[{"name":"wp","href":"https:\/\/api.w.org\/{rel}","templated":true}]}}