{"id":9837,"date":"2025-01-01T21:58:10","date_gmt":"2025-01-02T00:58:10","guid":{"rendered":"https:\/\/hdpnoticias.com.ar\/?p=9837"},"modified":"2025-02-07T06:03:52","modified_gmt":"2025-02-07T09:03:52","slug":"motociclista-de-21-anos-murio-en-accidente-en-charata","status":"publish","type":"post","link":"https:\/\/hdpnoticias.com.ar\/?p=9837","title":{"rendered":"Motociclista de 21 a\u00f1os muri\u00f3 en accidente en Charata"},"content":{"rendered":"\n<figure class=\"wp-block-image size-full\"><img loading=\"lazy\" decoding=\"async\" width=\"728\" height=\"90\" src=\"http:\/\/hdpnoticias.com.ar\/wp-content\/uploads\/2024\/05\/Nachec.gif\" alt=\"\" class=\"wp-image-6814\"\/><\/figure>\n\n\n\n<p>Nicol\u00e1s Basualdo, un motociclista de 21 a\u00f1os, muri\u00f3 como consecuencia de las lesiones sufridas el amanecer de este 1 de enero en un accidente de tr\u00e1nsito en pleno centro de Charata.<\/p>\n\n\n\n<p>Conduc\u00eda una Corven de 110cc. a la par de otro joven de 20 a bordo de una Gilera Smash, de igual cilindrada, cuando en la esquina de las calles G\u00fcemes y Moreno se toparon con un Ford Focus.<\/p>\n\n\n\n<p>Ambos motociclistas fueron trasladados al hospital local Enrique V. Llamas, y desde ah\u00ed derivados al 4 de Junio, de Presidencia Roque S\u00e1enz Pe\u00f1a, donde Basualdo muri\u00f3 alrededor de las 17.<\/p>\n\n\n\n<p>El automovilista, de 19 a\u00f1os, fue sometido a un test de alcoholemia que arroj\u00f3 0,27. A los otros involucrados no se les practic\u00f3 la prueba debido a la urgencia del traslado.<\/p>\n\n\n\n<p>El fiscal Elio Mari instruy\u00f3 una serie de medidas, entre ellas examinar las grabaciones de las c\u00e1maras de seguridad de la zona, que ser\u00e1n claves para dilucidar la mec\u00e1nica del siniestro.<\/p>\n","protected":false},"excerpt":{"rendered":"<p>Nicol\u00e1s Basualdo, un motociclista de 21 a\u00f1os, muri\u00f3 como consecuencia de las lesiones sufridas el amanecer de este 1 de enero en un accidente de tr\u00e1nsito en pleno centro de Charata. Conduc\u00eda una Corven de 110cc. a la par de otro joven de 20 a bordo de una Gilera Smash, de igual cilindrada, cuando en [&hellip;]<\/p>\n","protected":false},"author":1,"featured_media":9838,"comment_status":"open","ping_status":"open","sticky":false,"template":"","format":"standard","meta":{"footnotes":""},"categories":[26],"tags":[91,76,3455,624,507,95,508],"class_list":["post-9837","post","type-post","status-publish","format-standard","has-post-thumbnail","hentry","category-policiales","tag-charata","tag-corven","tag-focus","tag-ford","tag-gilera","tag-saenz-pena","tag-smash"],"_links":{"self":[{"href":"https:\/\/hdpnoticias.com.ar\/index.php?rest_route=\/wp\/v2\/posts\/9837","targetHints":{"allow":["GET"]}}],"collection":[{"href":"https:\/\/hdpnoticias.com.ar\/index.php?rest_route=\/wp\/v2\/posts"}],"about":[{"href":"https:\/\/hdpnoticias.com.ar\/index.php?rest_route=\/wp\/v2\/types\/post"}],"author":[{"embeddable":true,"href":"https:\/\/hdpnoticias.com.ar\/index.php?rest_route=\/wp\/v2\/users\/1"}],"replies":[{"embeddable":true,"href":"https:\/\/hdpnoticias.com.ar\/index.php?rest_route=%2Fwp%2Fv2%2Fcomments&post=9837"}],"version-history":[{"count":1,"href":"https:\/\/hdpnoticias.com.ar\/index.php?rest_route=\/wp\/v2\/posts\/9837\/revisions"}],"predecessor-version":[{"id":9839,"href":"https:\/\/hdpnoticias.com.ar\/index.php?rest_route=\/wp\/v2\/posts\/9837\/revisions\/9839"}],"wp:featuredmedia":[{"embeddable":true,"href":"https:\/\/hdpnoticias.com.ar\/index.php?rest_route=\/wp\/v2\/media\/9838"}],"wp:attachment":[{"href":"https:\/\/hdpnoticias.com.ar\/index.php?rest_route=%2Fwp%2Fv2%2Fmedia&parent=9837"}],"wp:term":[{"taxonomy":"category","embeddable":true,"href":"https:\/\/hdpnoticias.com.ar\/index.php?rest_route=%2Fwp%2Fv2%2Fcategories&post=9837"},{"taxonomy":"post_tag","embeddable":true,"href":"https:\/\/hdpnoticias.com.ar\/index.php?rest_route=%2Fwp%2Fv2%2Ftags&post=9837"}],"curies":[{"name":"wp","href":"https:\/\/api.w.org\/{rel}","templated":true}]}}