{"id":9817,"date":"2024-12-29T21:58:14","date_gmt":"2024-12-30T00:58:14","guid":{"rendered":"https:\/\/hdpnoticias.com.ar\/?p=9817"},"modified":"2024-12-29T21:58:17","modified_gmt":"2024-12-30T00:58:17","slug":"investigan-la-muerte-de-una-policia-de-drogas-en-saenz-pena","status":"publish","type":"post","link":"https:\/\/hdpnoticias.com.ar\/?p=9817","title":{"rendered":"Investigan la muerte de una polic\u00eda de Drogas en S\u00e1enz Pe\u00f1a"},"content":{"rendered":"\n<figure class=\"wp-block-image size-full\"><img loading=\"lazy\" decoding=\"async\" width=\"720\" height=\"90\" src=\"http:\/\/hdpnoticias.com.ar\/wp-content\/uploads\/2024\/05\/Copy-of-720x90-1.gif\" alt=\"\" class=\"wp-image-6806\"\/><\/figure>\n\n\n\n<p>El atardecer de este domingo un llamado alert\u00f3 a la Polic\u00eda sobre la muerte de una mujer, personal de la fuerza, en su vivienda de la calle 23 entre 2 y 4, en Presidencia Roque S\u00e1enz Pe\u00f1a.<\/p>\n\n\n\n<p>Cuando arrib\u00f3 la comisi\u00f3n de la Comisar\u00eda Primera, la identific\u00f3 como la cabo Agustina Caro, con prestaci\u00f3n de servicio en la Divisi\u00f3n Drogas. Presentaba una herida de arma de fuego en la cabeza.<\/p>\n\n\n\n<p>Su pareja, tambi\u00e9n efectivo de la Polic\u00eda, de la Divisi\u00f3n Investigaciones Complejas, dijo que Agustina se hab\u00eda disparado apenas unos instantes antes.<\/p>\n\n\n\n<p>El fiscal en turno dispuso una serie de pericias para determinar c\u00f3mo ocurrieron los hechos.<\/p>\n","protected":false},"excerpt":{"rendered":"<p>El atardecer de este domingo un llamado alert\u00f3 a la Polic\u00eda sobre la muerte de una mujer, personal de la fuerza, en su vivienda de la calle 23 entre 2 y 4, en Presidencia Roque S\u00e1enz Pe\u00f1a. Cuando arrib\u00f3 la comisi\u00f3n de la Comisar\u00eda Primera, la identific\u00f3 como la cabo Agustina Caro, con prestaci\u00f3n de [&hellip;]<\/p>\n","protected":false},"author":1,"featured_media":0,"comment_status":"open","ping_status":"open","sticky":false,"template":"","format":"standard","meta":{"footnotes":""},"categories":[26],"tags":[87,493,2788,55,95,115],"class_list":["post-9817","post","type-post","status-publish","format-standard","hentry","category-policiales","tag-crimen","tag-drogas","tag-investigaciones","tag-policia","tag-saenz-pena","tag-suicidio"],"_links":{"self":[{"href":"https:\/\/hdpnoticias.com.ar\/index.php?rest_route=\/wp\/v2\/posts\/9817","targetHints":{"allow":["GET"]}}],"collection":[{"href":"https:\/\/hdpnoticias.com.ar\/index.php?rest_route=\/wp\/v2\/posts"}],"about":[{"href":"https:\/\/hdpnoticias.com.ar\/index.php?rest_route=\/wp\/v2\/types\/post"}],"author":[{"embeddable":true,"href":"https:\/\/hdpnoticias.com.ar\/index.php?rest_route=\/wp\/v2\/users\/1"}],"replies":[{"embeddable":true,"href":"https:\/\/hdpnoticias.com.ar\/index.php?rest_route=%2Fwp%2Fv2%2Fcomments&post=9817"}],"version-history":[{"count":1,"href":"https:\/\/hdpnoticias.com.ar\/index.php?rest_route=\/wp\/v2\/posts\/9817\/revisions"}],"predecessor-version":[{"id":9818,"href":"https:\/\/hdpnoticias.com.ar\/index.php?rest_route=\/wp\/v2\/posts\/9817\/revisions\/9818"}],"wp:attachment":[{"href":"https:\/\/hdpnoticias.com.ar\/index.php?rest_route=%2Fwp%2Fv2%2Fmedia&parent=9817"}],"wp:term":[{"taxonomy":"category","embeddable":true,"href":"https:\/\/hdpnoticias.com.ar\/index.php?rest_route=%2Fwp%2Fv2%2Fcategories&post=9817"},{"taxonomy":"post_tag","embeddable":true,"href":"https:\/\/hdpnoticias.com.ar\/index.php?rest_route=%2Fwp%2Fv2%2Ftags&post=9817"}],"curies":[{"name":"wp","href":"https:\/\/api.w.org\/{rel}","templated":true}]}}