{"id":9783,"date":"2024-12-26T22:00:01","date_gmt":"2024-12-27T01:00:01","guid":{"rendered":"https:\/\/hdpnoticias.com.ar\/?p=9783"},"modified":"2024-12-26T22:00:03","modified_gmt":"2024-12-27T01:00:03","slug":"provincia-y-nacion-firmaron-convenio-para-terminar-el-segundo-acueducto-del-interior","status":"publish","type":"post","link":"https:\/\/hdpnoticias.com.ar\/?p=9783","title":{"rendered":"Provincia y Naci\u00f3n firmaron convenio para terminar el Segundo Acueducto del Interior"},"content":{"rendered":"\n<figure class=\"wp-block-image size-large\"><img decoding=\"async\" src=\"http:\/\/hdpnoticias.com.ar\/wp-content\/uploads\/2024\/12\/728x90-1024x126.gif\" alt=\"\" class=\"wp-image-9706\"\/><\/figure>\n\n\n\n<p>El gobernador Leandro Zdero y funcionarios del Gobierno nacional encabezados por el vicejefe de Gabinete: Lisandro Catal\u00e1n, ratificaron con la firma de un convenio la decisi\u00f3n de finalizar la dilatada obra del Segundo Acueducto del Interior.<\/p>\n\n\n\n<p>Los trabajos pendientes tienen un presupuesto de 62.006.818.204 pesos, que ser\u00e1n aportados por la Naci\u00f3n, y el plazo de ejecuci\u00f3n es de 24 meses.<\/p>\n\n\n\n<p>Para eso en los pr\u00f3ximos meses habr\u00e1 un llamado a licitaci\u00f3n para finalizar la construcci\u00f3n de obras civiles y electromec\u00e1nicas, y tareas inconclusas en todos los tramos: la toma, el acueducto de agua cruda, la planta potabilizadora en Barranqueras, el acueducto de agua potable y la potenciaci\u00f3n de las estaciones de bombeo.<\/p>\n\n\n\n<p>EL SAI, prometido por N\u00e9stor Kirchner en un acto en Presidencia Roque S\u00e1enz Pe\u00f1a hace 20 a\u00f1os, comenz\u00f3 a ejecutarse durante el primer gobierno de Jorge Capitanich, y deb\u00eda estar concluida 2 a\u00f1os despu\u00e9s, sin embargo, transcurridas sus 3 gestiones y el lapso gobernado por Domingo Peppo, a\u00fan no est\u00e1 listo.<\/p>\n","protected":false},"excerpt":{"rendered":"<p>El gobernador Leandro Zdero y funcionarios del Gobierno nacional encabezados por el vicejefe de Gabinete: Lisandro Catal\u00e1n, ratificaron con la firma de un convenio la decisi\u00f3n de finalizar la dilatada obra del Segundo Acueducto del Interior. Los trabajos pendientes tienen un presupuesto de 62.006.818.204 pesos, que ser\u00e1n aportados por la Naci\u00f3n, y el plazo de [&hellip;]<\/p>\n","protected":false},"author":1,"featured_media":9784,"comment_status":"open","ping_status":"open","sticky":false,"template":"","format":"standard","meta":{"footnotes":""},"categories":[6],"tags":[53,29,610,241,95,4454,921],"class_list":["post-9783","post","type-post","status-publish","format-standard","has-post-thumbnail","hentry","category-info-general","tag-barranqueras","tag-capitanich","tag-kirchner","tag-peppo","tag-saenz-pena","tag-segundo-acueducto-2","tag-zdero"],"_links":{"self":[{"href":"https:\/\/hdpnoticias.com.ar\/index.php?rest_route=\/wp\/v2\/posts\/9783","targetHints":{"allow":["GET"]}}],"collection":[{"href":"https:\/\/hdpnoticias.com.ar\/index.php?rest_route=\/wp\/v2\/posts"}],"about":[{"href":"https:\/\/hdpnoticias.com.ar\/index.php?rest_route=\/wp\/v2\/types\/post"}],"author":[{"embeddable":true,"href":"https:\/\/hdpnoticias.com.ar\/index.php?rest_route=\/wp\/v2\/users\/1"}],"replies":[{"embeddable":true,"href":"https:\/\/hdpnoticias.com.ar\/index.php?rest_route=%2Fwp%2Fv2%2Fcomments&post=9783"}],"version-history":[{"count":1,"href":"https:\/\/hdpnoticias.com.ar\/index.php?rest_route=\/wp\/v2\/posts\/9783\/revisions"}],"predecessor-version":[{"id":9785,"href":"https:\/\/hdpnoticias.com.ar\/index.php?rest_route=\/wp\/v2\/posts\/9783\/revisions\/9785"}],"wp:featuredmedia":[{"embeddable":true,"href":"https:\/\/hdpnoticias.com.ar\/index.php?rest_route=\/wp\/v2\/media\/9784"}],"wp:attachment":[{"href":"https:\/\/hdpnoticias.com.ar\/index.php?rest_route=%2Fwp%2Fv2%2Fmedia&parent=9783"}],"wp:term":[{"taxonomy":"category","embeddable":true,"href":"https:\/\/hdpnoticias.com.ar\/index.php?rest_route=%2Fwp%2Fv2%2Fcategories&post=9783"},{"taxonomy":"post_tag","embeddable":true,"href":"https:\/\/hdpnoticias.com.ar\/index.php?rest_route=%2Fwp%2Fv2%2Ftags&post=9783"}],"curies":[{"name":"wp","href":"https:\/\/api.w.org\/{rel}","templated":true}]}}