{"id":9695,"date":"2024-12-18T22:10:39","date_gmt":"2024-12-19T01:10:39","guid":{"rendered":"https:\/\/hdpnoticias.com.ar\/?p=9695"},"modified":"2024-12-18T22:18:10","modified_gmt":"2024-12-19T01:18:10","slug":"zdero-ya-convoco-a-elecciones-legislativas","status":"publish","type":"post","link":"https:\/\/hdpnoticias.com.ar\/?p=9695","title":{"rendered":"Zdero ya convoc\u00f3 a elecciones legislativas"},"content":{"rendered":"\n<figure class=\"wp-block-image size-full\"><img loading=\"lazy\" decoding=\"async\" width=\"720\" height=\"90\" src=\"http:\/\/hdpnoticias.com.ar\/wp-content\/uploads\/2024\/05\/Obras-Publicas.gif\" alt=\"\" class=\"wp-image-6818\"\/><\/figure>\n\n\n\n<p>El gobernador Leandro Zdero firm\u00f3 este mi\u00e9rcoles el decreto de convocatoria a elecciones legislativas 2025: ser\u00e1n el 11 de mayo.<\/p>\n\n\n\n<p>La temprana apertura de la temporada electoral, 7 meres antes de la finalizaci\u00f3n de los mandatos. sorprendi\u00f3 al ambiente pol\u00edtico que esperaba que la contienda fuera reci\u00e9n en el segundo semestre.<\/p>\n\n\n\n<p>Se deben renovar 16 bancas para remplazar a los oficialistas Dorys Arkwright. Andrea Canteros Reiser, Zulma Galeano, Sebasti\u00e1n Lazarini, Rodrigo Pav\u00f3n, Carim Peche y Francisco Romero Castel\u00e1n, de Juntos por el Cambio; Los opositores Juan Carlos Ayala, Paola Ben\u00edtez, Atlanto Honcheruk, Mariela Quir\u00f3s y Rodrigo Ocampo, del bloque Justicialista; Juan Jos\u00e9 Bergia, del Nepar; Dar\u00edo Bacileff Ivanoff, del Frente Integrador; y Andrea Charole y Gricelda Ojeda, de la Corriente de Expresi\u00f3n Renovada.<\/p>\n\n\n\n<p>El pr\u00f3ximo a\u00f1o los chaque\u00f1os deben renovar tambi\u00e9n sus 3 senadores y 6 de los 7 diputados nacionales, pero la fecha a\u00fan no est\u00e1 definida y sigue abierto el debate por la eliminaci\u00f3n de las primarias abiertas, simult\u00e1neas y obligatorias que en nuestra provincia ya fueron suspendidas.<\/p>\n","protected":false},"excerpt":{"rendered":"<p>El gobernador Leandro Zdero firm\u00f3 este mi\u00e9rcoles el decreto de convocatoria a elecciones legislativas 2025: ser\u00e1n el 11 de mayo. La temprana apertura de la temporada electoral, 7 meres antes de la finalizaci\u00f3n de los mandatos. sorprendi\u00f3 al ambiente pol\u00edtico que esperaba que la contienda fuera reci\u00e9n en el segundo semestre. Se deben renovar 16 [&hellip;]<\/p>\n","protected":false},"author":1,"featured_media":4236,"comment_status":"open","ping_status":"open","sticky":false,"template":"","format":"standard","meta":{"footnotes":""},"categories":[27],"tags":[44,37,71,1052,1523,245],"class_list":["post-9695","post","type-post","status-publish","format-standard","has-post-thumbnail","hentry","category-politica","tag-bergia","tag-chaco","tag-diputados","tag-frente-chaqueno","tag-honcheruk","tag-primarias"],"_links":{"self":[{"href":"https:\/\/hdpnoticias.com.ar\/index.php?rest_route=\/wp\/v2\/posts\/9695","targetHints":{"allow":["GET"]}}],"collection":[{"href":"https:\/\/hdpnoticias.com.ar\/index.php?rest_route=\/wp\/v2\/posts"}],"about":[{"href":"https:\/\/hdpnoticias.com.ar\/index.php?rest_route=\/wp\/v2\/types\/post"}],"author":[{"embeddable":true,"href":"https:\/\/hdpnoticias.com.ar\/index.php?rest_route=\/wp\/v2\/users\/1"}],"replies":[{"embeddable":true,"href":"https:\/\/hdpnoticias.com.ar\/index.php?rest_route=%2Fwp%2Fv2%2Fcomments&post=9695"}],"version-history":[{"count":1,"href":"https:\/\/hdpnoticias.com.ar\/index.php?rest_route=\/wp\/v2\/posts\/9695\/revisions"}],"predecessor-version":[{"id":9696,"href":"https:\/\/hdpnoticias.com.ar\/index.php?rest_route=\/wp\/v2\/posts\/9695\/revisions\/9696"}],"wp:featuredmedia":[{"embeddable":true,"href":"https:\/\/hdpnoticias.com.ar\/index.php?rest_route=\/wp\/v2\/media\/4236"}],"wp:attachment":[{"href":"https:\/\/hdpnoticias.com.ar\/index.php?rest_route=%2Fwp%2Fv2%2Fmedia&parent=9695"}],"wp:term":[{"taxonomy":"category","embeddable":true,"href":"https:\/\/hdpnoticias.com.ar\/index.php?rest_route=%2Fwp%2Fv2%2Fcategories&post=9695"},{"taxonomy":"post_tag","embeddable":true,"href":"https:\/\/hdpnoticias.com.ar\/index.php?rest_route=%2Fwp%2Fv2%2Ftags&post=9695"}],"curies":[{"name":"wp","href":"https:\/\/api.w.org\/{rel}","templated":true}]}}