{"id":9663,"date":"2024-12-15T21:57:58","date_gmt":"2024-12-16T00:57:58","guid":{"rendered":"https:\/\/hdpnoticias.com.ar\/?p=9663"},"modified":"2025-01-03T06:18:56","modified_gmt":"2025-01-03T09:18:56","slug":"encontraron-un-hombre-muerto-en-una-laguna-de-saenz-pena","status":"publish","type":"post","link":"https:\/\/hdpnoticias.com.ar\/?p=9663","title":{"rendered":"Encontraron un hombre muerto en una laguna de S\u00e1enz Pe\u00f1a"},"content":{"rendered":"\n<figure class=\"wp-block-image size-full\"><img loading=\"lazy\" decoding=\"async\" width=\"720\" height=\"90\" src=\"http:\/\/hdpnoticias.com.ar\/wp-content\/uploads\/2024\/05\/Obras-Publicas.gif\" alt=\"\" class=\"wp-image-6818\"\/><\/figure>\n\n\n\n<p>El mediod\u00eda de este domingo, vecinos que fueron a pescar a la laguna de la calle 38 entre 5 y 7, en el barrio Tiro Federal, encontraron el cad\u00e1ver de un hombre flotando a pocos metros de la orilla.<\/p>\n\n\n\n<p>De inmediato dieron aviso a la Polic\u00eda y una comisi\u00f3n de la Comisar\u00eda Cuarta acudi\u00f3 al lugar.<\/p>\n\n\n\n<p>El hombre ten\u00eda el torso desnudo y vest\u00eda pantal\u00f3n largo. Por su estado, se estima que llevaba en el agua m\u00e1s de 24 horas. Trascendi\u00f3 que, al menos a simple vista, no presentaba lesiones o signos de violencia.<\/p>\n\n\n\n<p>Un equipo de Bomberos extrajo el cuerpo y lo traslad\u00f3 a la morque para la pr\u00e1ctica de la autopsia de rigor, ordenada por el fiscal Marcelo Soto.<\/p>\n\n\n\n<p>No llevaba documentos ni alg\u00fan elemento que permita su identificaci\u00f3n, por lo que la misma es materia de investigaci\u00f3n.<\/p>\n","protected":false},"excerpt":{"rendered":"<p>El mediod\u00eda de este domingo, vecinos que fueron a pescar a la laguna de la calle 38 entre 5 y 7, en el barrio Tiro Federal, encontraron el cad\u00e1ver de un hombre flotando a pocos metros de la orilla. De inmediato dieron aviso a la Polic\u00eda y una comisi\u00f3n de la Comisar\u00eda Cuarta acudi\u00f3 al [&hellip;]<\/p>\n","protected":false},"author":1,"featured_media":9664,"comment_status":"open","ping_status":"open","sticky":false,"template":"","format":"standard","meta":{"footnotes":""},"categories":[26],"tags":[554,469,552,472,95,1535],"class_list":["post-9663","post","type-post","status-publish","format-standard","has-post-thumbnail","hentry","category-policiales","tag-ahogado","tag-cadaver","tag-laguna","tag-muerto","tag-saenz-pena","tag-tiro-federal"],"_links":{"self":[{"href":"https:\/\/hdpnoticias.com.ar\/index.php?rest_route=\/wp\/v2\/posts\/9663","targetHints":{"allow":["GET"]}}],"collection":[{"href":"https:\/\/hdpnoticias.com.ar\/index.php?rest_route=\/wp\/v2\/posts"}],"about":[{"href":"https:\/\/hdpnoticias.com.ar\/index.php?rest_route=\/wp\/v2\/types\/post"}],"author":[{"embeddable":true,"href":"https:\/\/hdpnoticias.com.ar\/index.php?rest_route=\/wp\/v2\/users\/1"}],"replies":[{"embeddable":true,"href":"https:\/\/hdpnoticias.com.ar\/index.php?rest_route=%2Fwp%2Fv2%2Fcomments&post=9663"}],"version-history":[{"count":1,"href":"https:\/\/hdpnoticias.com.ar\/index.php?rest_route=\/wp\/v2\/posts\/9663\/revisions"}],"predecessor-version":[{"id":9665,"href":"https:\/\/hdpnoticias.com.ar\/index.php?rest_route=\/wp\/v2\/posts\/9663\/revisions\/9665"}],"wp:featuredmedia":[{"embeddable":true,"href":"https:\/\/hdpnoticias.com.ar\/index.php?rest_route=\/wp\/v2\/media\/9664"}],"wp:attachment":[{"href":"https:\/\/hdpnoticias.com.ar\/index.php?rest_route=%2Fwp%2Fv2%2Fmedia&parent=9663"}],"wp:term":[{"taxonomy":"category","embeddable":true,"href":"https:\/\/hdpnoticias.com.ar\/index.php?rest_route=%2Fwp%2Fv2%2Fcategories&post=9663"},{"taxonomy":"post_tag","embeddable":true,"href":"https:\/\/hdpnoticias.com.ar\/index.php?rest_route=%2Fwp%2Fv2%2Ftags&post=9663"}],"curies":[{"name":"wp","href":"https:\/\/api.w.org\/{rel}","templated":true}]}}