{"id":9655,"date":"2024-12-14T21:44:26","date_gmt":"2024-12-15T00:44:26","guid":{"rendered":"https:\/\/hdpnoticias.com.ar\/?p=9655"},"modified":"2025-01-03T06:15:10","modified_gmt":"2025-01-03T09:15:10","slug":"charata-nene-de-10-anos-mato-accidentalmente-a-su-hermanita-con-un-aire-comprimido","status":"publish","type":"post","link":"https:\/\/hdpnoticias.com.ar\/?p=9655","title":{"rendered":"Charata: nene de 10 a\u00f1os mat\u00f3 accidentalmente a su hermanita con un rifle de aire comprimido"},"content":{"rendered":"\n<figure class=\"wp-block-image size-full\"><img loading=\"lazy\" decoding=\"async\" width=\"720\" height=\"90\" src=\"http:\/\/hdpnoticias.com.ar\/wp-content\/uploads\/2024\/05\/Obras-Publicas.gif\" alt=\"\" class=\"wp-image-6818\"\/><\/figure>\n\n\n\n<p>La noche del viernes un ni\u00f1o de 10 a\u00f1os manipulaba un rifle de aire comprimido, propiedad de su padre, en su casa del barrio Centenario, de Charata. En un momento, accidentalmente, presion\u00f3 el gatillo, el arma se dispar\u00f3 e hiri\u00f3 a su hermanita, de 3, en el cuello.<\/p>\n\n\n\n<p>La peque\u00f1a fue trasladada de urgencia al hospital local, desde ah\u00ed derivada al 4 de Junio, de Presidencia Roque S\u00e1enz Pe\u00f1a, pero la complejidad del cuadro llev\u00f3 a trasladarla al hospital Pedi\u00e1trico Avelino Castel\u00e1n, de Resistencia.<\/p>\n\n\n\n<p>La ambulancia ingres\u00f3 minutos antes de las 3 de este s\u00e1bado pero la ni\u00f1ita ya hab\u00eda muerto.<\/p>\n\n\n\n<p>Los m\u00e9dicos determinaron que la muerte se produjo por \u201cparo cardiorrespiratorio post traum\u00e1tico por insuficiencia respiratoria, por probable lesi\u00f3n de v\u00eda a\u00e9rea, por proyectil de arma de aire comprimido&#8221;.<\/p>\n","protected":false},"excerpt":{"rendered":"<p>La noche del viernes un ni\u00f1o de 10 a\u00f1os manipulaba un rifle de aire comprimido, propiedad de su padre, en su casa del barrio Centenario, de Charata. En un momento, accidentalmente, presion\u00f3 el gatillo, el arma se dispar\u00f3 e hiri\u00f3 a su hermanita, de 3, en el cuello. La peque\u00f1a fue trasladada de urgencia al [&hellip;]<\/p>\n","protected":false},"author":1,"featured_media":6676,"comment_status":"open","ping_status":"open","sticky":false,"template":"","format":"standard","meta":{"footnotes":""},"categories":[26],"tags":[2287,91,2137,49,95,100],"class_list":["post-9655","post","type-post","status-publish","format-standard","has-post-thumbnail","hentry","category-policiales","tag-aire-comprimido","tag-charata","tag-pediatrico","tag-resistencia","tag-saenz-pena","tag-tragedia"],"_links":{"self":[{"href":"https:\/\/hdpnoticias.com.ar\/index.php?rest_route=\/wp\/v2\/posts\/9655","targetHints":{"allow":["GET"]}}],"collection":[{"href":"https:\/\/hdpnoticias.com.ar\/index.php?rest_route=\/wp\/v2\/posts"}],"about":[{"href":"https:\/\/hdpnoticias.com.ar\/index.php?rest_route=\/wp\/v2\/types\/post"}],"author":[{"embeddable":true,"href":"https:\/\/hdpnoticias.com.ar\/index.php?rest_route=\/wp\/v2\/users\/1"}],"replies":[{"embeddable":true,"href":"https:\/\/hdpnoticias.com.ar\/index.php?rest_route=%2Fwp%2Fv2%2Fcomments&post=9655"}],"version-history":[{"count":2,"href":"https:\/\/hdpnoticias.com.ar\/index.php?rest_route=\/wp\/v2\/posts\/9655\/revisions"}],"predecessor-version":[{"id":9657,"href":"https:\/\/hdpnoticias.com.ar\/index.php?rest_route=\/wp\/v2\/posts\/9655\/revisions\/9657"}],"wp:featuredmedia":[{"embeddable":true,"href":"https:\/\/hdpnoticias.com.ar\/index.php?rest_route=\/wp\/v2\/media\/6676"}],"wp:attachment":[{"href":"https:\/\/hdpnoticias.com.ar\/index.php?rest_route=%2Fwp%2Fv2%2Fmedia&parent=9655"}],"wp:term":[{"taxonomy":"category","embeddable":true,"href":"https:\/\/hdpnoticias.com.ar\/index.php?rest_route=%2Fwp%2Fv2%2Fcategories&post=9655"},{"taxonomy":"post_tag","embeddable":true,"href":"https:\/\/hdpnoticias.com.ar\/index.php?rest_route=%2Fwp%2Fv2%2Ftags&post=9655"}],"curies":[{"name":"wp","href":"https:\/\/api.w.org\/{rel}","templated":true}]}}