{"id":9529,"date":"2024-12-03T09:44:04","date_gmt":"2024-12-03T12:44:04","guid":{"rendered":"https:\/\/hdpnoticias.com.ar\/?p=9529"},"modified":"2025-01-03T05:43:42","modified_gmt":"2025-01-03T08:43:42","slug":"3-anos-en-suspenso-para-quintin-gomez-por-abuso-sexual-ya-esta-libre","status":"publish","type":"post","link":"https:\/\/hdpnoticias.com.ar\/?p=9529","title":{"rendered":"3 a\u00f1os en suspenso para Quint\u00edn G\u00f3mez por abuso sexual: ya est\u00e1 libre"},"content":{"rendered":"\n<figure class=\"wp-block-image size-full\"><img loading=\"lazy\" decoding=\"async\" width=\"728\" height=\"90\" src=\"http:\/\/hdpnoticias.com.ar\/wp-content\/uploads\/2024\/05\/Nachec.gif\" alt=\"\" class=\"wp-image-6814\"\/><\/figure>\n\n\n\n<p>El l\u00edder piquetero Osmar Quint\u00edn G\u00f3mez, fue condenado a 3 a\u00f1os de prisi\u00f3n en suspenso en un juicio abreviado en la causa que se le segu\u00eda por abuso sexual, en la que estaba detenido desde julio de 2023.<\/p>\n\n\n\n<p>Una integrante de su organizaci\u00f3n: el MTD Zona Norte, y empleada de la Escuela de Gesti\u00f3n Social que dirig\u00eda, <strong><a href=\"https:\/\/hdpnoticias.com.ar\/?p=3269\">lo acus\u00f3 de abusar sexualmente de ella<\/a><\/strong>. Tras la denuncia, fue obligado a renunciar a su lugar en la lista de candidatos a diputados provinciales del Frente Chaque\u00f1o que buscaba la reelecci\u00f3n de Jorge Capitanich como gobernador, y a su cargo de asesor de la Secretar\u00eda de Municipios del Gobierno provincial.<\/p>\n\n\n\n<p>La resoluci\u00f3n del caso se conoci\u00f3 reci\u00e9n la tarde del lunes despu\u00e9s de que G\u00f3mez recuperara la libertad.<\/p>\n\n\n\n<p>La v\u00edctima del abuso accedi\u00f3 a la propuesta de un juicio abreviado hecha por la defensa del piquetero, y las partes llegaron a un acuerdo, lo que extingui\u00f3 la acci\u00f3n penal.<\/p>\n\n\n\n<p>El procurador general Jorge Canteros dijo la ma\u00f1ana de este martes no estar al tanto de la situaci\u00f3n pero prometi\u00f3 interiorizarse.<\/p>\n","protected":false},"excerpt":{"rendered":"<p>El l\u00edder piquetero Osmar Quint\u00edn G\u00f3mez, fue condenado a 3 a\u00f1os de prisi\u00f3n en suspenso en un juicio abreviado en la causa que se le segu\u00eda por abuso sexual, en la que estaba detenido desde julio de 2023. Una integrante de su organizaci\u00f3n: el MTD Zona Norte, y empleada de la Escuela de Gesti\u00f3n Social [&hellip;]<\/p>\n","protected":false},"author":1,"featured_media":3264,"comment_status":"open","ping_status":"open","sticky":false,"template":"","format":"standard","meta":{"footnotes":""},"categories":[26,27],"tags":[945,29,1052,794,819],"class_list":["post-9529","post","type-post","status-publish","format-standard","has-post-thumbnail","hentry","category-policiales","category-politica","tag-abuso-sexual","tag-capitanich","tag-frente-chaqueno","tag-quintin","tag-zona-norte"],"_links":{"self":[{"href":"https:\/\/hdpnoticias.com.ar\/index.php?rest_route=\/wp\/v2\/posts\/9529","targetHints":{"allow":["GET"]}}],"collection":[{"href":"https:\/\/hdpnoticias.com.ar\/index.php?rest_route=\/wp\/v2\/posts"}],"about":[{"href":"https:\/\/hdpnoticias.com.ar\/index.php?rest_route=\/wp\/v2\/types\/post"}],"author":[{"embeddable":true,"href":"https:\/\/hdpnoticias.com.ar\/index.php?rest_route=\/wp\/v2\/users\/1"}],"replies":[{"embeddable":true,"href":"https:\/\/hdpnoticias.com.ar\/index.php?rest_route=%2Fwp%2Fv2%2Fcomments&post=9529"}],"version-history":[{"count":2,"href":"https:\/\/hdpnoticias.com.ar\/index.php?rest_route=\/wp\/v2\/posts\/9529\/revisions"}],"predecessor-version":[{"id":9531,"href":"https:\/\/hdpnoticias.com.ar\/index.php?rest_route=\/wp\/v2\/posts\/9529\/revisions\/9531"}],"wp:featuredmedia":[{"embeddable":true,"href":"https:\/\/hdpnoticias.com.ar\/index.php?rest_route=\/wp\/v2\/media\/3264"}],"wp:attachment":[{"href":"https:\/\/hdpnoticias.com.ar\/index.php?rest_route=%2Fwp%2Fv2%2Fmedia&parent=9529"}],"wp:term":[{"taxonomy":"category","embeddable":true,"href":"https:\/\/hdpnoticias.com.ar\/index.php?rest_route=%2Fwp%2Fv2%2Fcategories&post=9529"},{"taxonomy":"post_tag","embeddable":true,"href":"https:\/\/hdpnoticias.com.ar\/index.php?rest_route=%2Fwp%2Fv2%2Ftags&post=9529"}],"curies":[{"name":"wp","href":"https:\/\/api.w.org\/{rel}","templated":true}]}}