{"id":9517,"date":"2024-12-01T23:54:00","date_gmt":"2024-12-02T02:54:00","guid":{"rendered":"https:\/\/hdpnoticias.com.ar\/?p=9517"},"modified":"2024-12-02T08:06:36","modified_gmt":"2024-12-02T11:06:36","slug":"motociclista-de-pampa-del-infierno-murio-en-un-accidente-en-saenz-pena","status":"publish","type":"post","link":"https:\/\/hdpnoticias.com.ar\/?p=9517","title":{"rendered":"Motociclista de Pampa del Infierno muri\u00f3 en un accidente en S\u00e1enz Pe\u00f1a"},"content":{"rendered":"\n<figure class=\"wp-block-image size-full\"><img loading=\"lazy\" decoding=\"async\" width=\"728\" height=\"90\" src=\"http:\/\/hdpnoticias.com.ar\/wp-content\/uploads\/2024\/05\/Nachec.gif\" alt=\"\" class=\"wp-image-6814\"\/><\/figure>\n\n\n\n<p>Un brutal accidente de tr\u00e1nsito ocurri\u00f3 la tarde del s\u00e1bado en la intersecci\u00f3n de la avenida 33 y la calle 6, en el centro de Presidencia Roque S\u00e1enz Pe\u00f1a, con un Chevrolet Onix conducido por una mujer de 48 a\u00f1os, y una moto de cross Corven de 200cc en la que circulaba un joven de 19.<\/p>\n\n\n\n<p>Producto del impacto, el motociclista: Alejo Kossoy Strizik, domiciliado en Pampa del Infierno, sufri\u00f3 grav\u00edsimas lesiones, principalmente traumatismos de cr\u00e1neo y faciales.<\/p>\n\n\n\n<p>Fue auxiliado y trasladado al hospital 4 de Junio, desde donde fue derivado al hospital Perrando, de Resistencia, con pron\u00f3stico reservado.<\/p>\n\n\n\n<p>Finalmente, minutos antes de las 20 de este domingo le diagnosticaron \u201cmuerte cerebral\u201d. Inmediatamente se dispuso un protocolo de ablaci\u00f3n, ya que se trataba de un donante de \u00f3rganos.<\/p>\n\n\n\n<p>El fiscal Gustavo Valero investiga la mec\u00e1nica del siniestro para determinar responsabilidades.<\/p>\n","protected":false},"excerpt":{"rendered":"<p>Un brutal accidente de tr\u00e1nsito ocurri\u00f3 la tarde del s\u00e1bado en la intersecci\u00f3n de la avenida 33 y la calle 6, en el centro de Presidencia Roque S\u00e1enz Pe\u00f1a, con un Chevrolet Onix conducido por una mujer de 48 a\u00f1os, y una moto de cross Corven de 200cc en la que circulaba un joven de [&hellip;]<\/p>\n","protected":false},"author":1,"featured_media":9518,"comment_status":"open","ping_status":"open","sticky":false,"template":"","format":"standard","meta":{"footnotes":""},"categories":[26],"tags":[322,338,76,3222,594,40,49,95,100],"class_list":["post-9517","post","type-post","status-publish","format-standard","has-post-thumbnail","hentry","category-policiales","tag-accidente","tag-chevrolet","tag-corven","tag-onix","tag-pampa-del-infierno","tag-perrando","tag-resistencia","tag-saenz-pena","tag-tragedia"],"_links":{"self":[{"href":"https:\/\/hdpnoticias.com.ar\/index.php?rest_route=\/wp\/v2\/posts\/9517","targetHints":{"allow":["GET"]}}],"collection":[{"href":"https:\/\/hdpnoticias.com.ar\/index.php?rest_route=\/wp\/v2\/posts"}],"about":[{"href":"https:\/\/hdpnoticias.com.ar\/index.php?rest_route=\/wp\/v2\/types\/post"}],"author":[{"embeddable":true,"href":"https:\/\/hdpnoticias.com.ar\/index.php?rest_route=\/wp\/v2\/users\/1"}],"replies":[{"embeddable":true,"href":"https:\/\/hdpnoticias.com.ar\/index.php?rest_route=%2Fwp%2Fv2%2Fcomments&post=9517"}],"version-history":[{"count":1,"href":"https:\/\/hdpnoticias.com.ar\/index.php?rest_route=\/wp\/v2\/posts\/9517\/revisions"}],"predecessor-version":[{"id":9519,"href":"https:\/\/hdpnoticias.com.ar\/index.php?rest_route=\/wp\/v2\/posts\/9517\/revisions\/9519"}],"wp:featuredmedia":[{"embeddable":true,"href":"https:\/\/hdpnoticias.com.ar\/index.php?rest_route=\/wp\/v2\/media\/9518"}],"wp:attachment":[{"href":"https:\/\/hdpnoticias.com.ar\/index.php?rest_route=%2Fwp%2Fv2%2Fmedia&parent=9517"}],"wp:term":[{"taxonomy":"category","embeddable":true,"href":"https:\/\/hdpnoticias.com.ar\/index.php?rest_route=%2Fwp%2Fv2%2Fcategories&post=9517"},{"taxonomy":"post_tag","embeddable":true,"href":"https:\/\/hdpnoticias.com.ar\/index.php?rest_route=%2Fwp%2Fv2%2Ftags&post=9517"}],"curies":[{"name":"wp","href":"https:\/\/api.w.org\/{rel}","templated":true}]}}