{"id":951,"date":"2023-02-23T21:45:32","date_gmt":"2023-02-24T00:45:32","guid":{"rendered":"http:\/\/hdpnoticias.com.ar\/?p=951"},"modified":"2023-02-23T21:45:35","modified_gmt":"2023-02-24T00:45:35","slug":"villa-rio-bermejito-levantan-el-piquete-por-nuevas-promesas-del-gobierno","status":"publish","type":"post","link":"https:\/\/hdpnoticias.com.ar\/?p=951","title":{"rendered":"Villa R\u00edo Bermejito: levantan el piquete por nuevas promesas del Gobierno"},"content":{"rendered":"\n<p>Tras 4 d\u00edas interrumpido se rehabilit\u00f3 el tr\u00e1nsito en la ruta 3 en el acceso a Villa R\u00edo Bermejito cuando los movimientos sociales decidieron levantar el piquete ante la promesa del Gobierno provincial de dar respuestas a sus reclamos.<\/p>\n\n\n\n<p>Ripio, electrificaci\u00f3n rural y viviendas son algunos de los planteos que motivaron el piquete.<\/p>\n\n\n\n<p>Seg\u00fan anunciaron los referentes de estas organizaciones, funcionarios prometieron reunirse con ellos en asamblea frente a la Municipalidad el pr\u00f3ximo lunes, con la participaci\u00f3n de representantes de todos los estamentos demandados.<\/p>\n\n\n\n<p>El corte de ruta dej\u00f3 pr\u00e1cticamente aislada a la ciudad desde el \u00faltimo fin de semana, ya que los proveedores no ten\u00edan manera de llegar y, por la misma raz\u00f3n, fue suspendido el servicio de transporte de pasajeros.<\/p>\n","protected":false},"excerpt":{"rendered":"<p>Tras 4 d\u00edas interrumpido se rehabilit\u00f3 el tr\u00e1nsito en la ruta 3 en el acceso a Villa R\u00edo Bermejito cuando los movimientos sociales decidieron levantar el piquete ante la promesa del Gobierno provincial de dar respuestas a sus reclamos. Ripio, electrificaci\u00f3n rural y viviendas son algunos de los planteos que motivaron el piquete. Seg\u00fan anunciaron [&hellip;]<\/p>\n","protected":false},"author":1,"featured_media":952,"comment_status":"open","ping_status":"open","sticky":false,"template":"","format":"standard","meta":{"footnotes":""},"categories":[6],"tags":[36,432,265,679,678],"class_list":["post-951","post","type-post","status-publish","format-standard","has-post-thumbnail","hentry","category-info-general","tag-gobierno","tag-piquete","tag-piqueteros","tag-ruta","tag-villa-rio-bermejito"],"_links":{"self":[{"href":"https:\/\/hdpnoticias.com.ar\/index.php?rest_route=\/wp\/v2\/posts\/951","targetHints":{"allow":["GET"]}}],"collection":[{"href":"https:\/\/hdpnoticias.com.ar\/index.php?rest_route=\/wp\/v2\/posts"}],"about":[{"href":"https:\/\/hdpnoticias.com.ar\/index.php?rest_route=\/wp\/v2\/types\/post"}],"author":[{"embeddable":true,"href":"https:\/\/hdpnoticias.com.ar\/index.php?rest_route=\/wp\/v2\/users\/1"}],"replies":[{"embeddable":true,"href":"https:\/\/hdpnoticias.com.ar\/index.php?rest_route=%2Fwp%2Fv2%2Fcomments&post=951"}],"version-history":[{"count":1,"href":"https:\/\/hdpnoticias.com.ar\/index.php?rest_route=\/wp\/v2\/posts\/951\/revisions"}],"predecessor-version":[{"id":953,"href":"https:\/\/hdpnoticias.com.ar\/index.php?rest_route=\/wp\/v2\/posts\/951\/revisions\/953"}],"wp:featuredmedia":[{"embeddable":true,"href":"https:\/\/hdpnoticias.com.ar\/index.php?rest_route=\/wp\/v2\/media\/952"}],"wp:attachment":[{"href":"https:\/\/hdpnoticias.com.ar\/index.php?rest_route=%2Fwp%2Fv2%2Fmedia&parent=951"}],"wp:term":[{"taxonomy":"category","embeddable":true,"href":"https:\/\/hdpnoticias.com.ar\/index.php?rest_route=%2Fwp%2Fv2%2Fcategories&post=951"},{"taxonomy":"post_tag","embeddable":true,"href":"https:\/\/hdpnoticias.com.ar\/index.php?rest_route=%2Fwp%2Fv2%2Ftags&post=951"}],"curies":[{"name":"wp","href":"https:\/\/api.w.org\/{rel}","templated":true}]}}