{"id":9427,"date":"2024-11-22T14:13:00","date_gmt":"2024-11-22T17:13:00","guid":{"rendered":"https:\/\/hdpnoticias.com.ar\/?p=9427"},"modified":"2024-11-22T19:22:40","modified_gmt":"2024-11-22T22:22:40","slug":"adolescente-desaparecida-en-resistencia-aparecio-en-formosa-con-su-novio","status":"publish","type":"post","link":"https:\/\/hdpnoticias.com.ar\/?p=9427","title":{"rendered":"Adolescente desaparecida en Resistencia apareci\u00f3 en Formosa con su novio"},"content":{"rendered":"\n<figure class=\"wp-block-image size-full\"><img loading=\"lazy\" decoding=\"async\" width=\"720\" height=\"90\" src=\"http:\/\/hdpnoticias.com.ar\/wp-content\/uploads\/2024\/05\/Obras-Publicas.gif\" alt=\"\" class=\"wp-image-6818\"\/><\/figure>\n\n\n\n<p>El \u00faltimo domingo familiares de una adolescente de 15 a\u00f1os, domiciliada en el barrio Qom, de Resistencia, denunciaron que estaba desaparecida desde el d\u00eda anterior, cuando sali\u00f3 de la casa con su hijo de 3 a\u00f1os.<\/p>\n\n\n\n<p>La Polic\u00eda activ\u00f3 el protocolo de b\u00fasqueda de personas y a partir de datos aportados por familiares y amigos lograron identificar a un hombre que ser\u00eda su novio.<\/p>\n\n\n\n<p>Al comunicarse telef\u00f3nicamente con \u00e9l, de 18 a\u00f1os, admiti\u00f3 que la jovencita estaba en su casa de la ciudad formose\u00f1a El Colorado.<\/p>\n\n\n\n<p>Con la colaboraci\u00f3n de la Polic\u00eda de Formosa, lograron establecer contacto v\u00eda videollamada con ella, que cont\u00f3 que se encontraba ah\u00ed por propia voluntad y que est\u00e1 sana y salva, al igual que su ni\u00f1o. No obstante, ambos fueron trasladados para un examen m\u00e9dico que verific\u00f3 que no presentaban vestigio alguno de violencia.<\/p>\n\n\n\n<p>Finalmente, la chica acord\u00f3 con sus familiares permanecer en El Colorado hasta el pr\u00f3ximo martes.<\/p>\n\n\n\n<p><\/p>\n","protected":false},"excerpt":{"rendered":"<p>El \u00faltimo domingo familiares de una adolescente de 15 a\u00f1os, domiciliada en el barrio Qom, de Resistencia, denunciaron que estaba desaparecida desde el d\u00eda anterior, cuando sali\u00f3 de la casa con su hijo de 3 a\u00f1os. La Polic\u00eda activ\u00f3 el protocolo de b\u00fasqueda de personas y a partir de datos aportados por familiares y amigos [&hellip;]<\/p>\n","protected":false},"author":1,"featured_media":9428,"comment_status":"open","ping_status":"open","sticky":false,"template":"","format":"standard","meta":{"footnotes":""},"categories":[26],"tags":[84,37,358,3323,200,55,49],"class_list":["post-9427","post","type-post","status-publish","format-standard","has-post-thumbnail","hentry","category-policiales","tag-adolescente","tag-chaco","tag-desaparecida","tag-el-colorado","tag-formosa","tag-policia","tag-resistencia"],"_links":{"self":[{"href":"https:\/\/hdpnoticias.com.ar\/index.php?rest_route=\/wp\/v2\/posts\/9427","targetHints":{"allow":["GET"]}}],"collection":[{"href":"https:\/\/hdpnoticias.com.ar\/index.php?rest_route=\/wp\/v2\/posts"}],"about":[{"href":"https:\/\/hdpnoticias.com.ar\/index.php?rest_route=\/wp\/v2\/types\/post"}],"author":[{"embeddable":true,"href":"https:\/\/hdpnoticias.com.ar\/index.php?rest_route=\/wp\/v2\/users\/1"}],"replies":[{"embeddable":true,"href":"https:\/\/hdpnoticias.com.ar\/index.php?rest_route=%2Fwp%2Fv2%2Fcomments&post=9427"}],"version-history":[{"count":1,"href":"https:\/\/hdpnoticias.com.ar\/index.php?rest_route=\/wp\/v2\/posts\/9427\/revisions"}],"predecessor-version":[{"id":9429,"href":"https:\/\/hdpnoticias.com.ar\/index.php?rest_route=\/wp\/v2\/posts\/9427\/revisions\/9429"}],"wp:featuredmedia":[{"embeddable":true,"href":"https:\/\/hdpnoticias.com.ar\/index.php?rest_route=\/wp\/v2\/media\/9428"}],"wp:attachment":[{"href":"https:\/\/hdpnoticias.com.ar\/index.php?rest_route=%2Fwp%2Fv2%2Fmedia&parent=9427"}],"wp:term":[{"taxonomy":"category","embeddable":true,"href":"https:\/\/hdpnoticias.com.ar\/index.php?rest_route=%2Fwp%2Fv2%2Fcategories&post=9427"},{"taxonomy":"post_tag","embeddable":true,"href":"https:\/\/hdpnoticias.com.ar\/index.php?rest_route=%2Fwp%2Fv2%2Ftags&post=9427"}],"curies":[{"name":"wp","href":"https:\/\/api.w.org\/{rel}","templated":true}]}}