{"id":9326,"date":"2024-11-13T23:30:00","date_gmt":"2024-11-14T02:30:00","guid":{"rendered":"https:\/\/hdpnoticias.com.ar\/?p=9326"},"modified":"2024-12-04T08:47:28","modified_gmt":"2024-12-04T11:47:28","slug":"busqueda-de-guido-vallejos-encontraron-otro-auto-de-la-piquetera-vanesa-lopez","status":"publish","type":"post","link":"https:\/\/hdpnoticias.com.ar\/?p=9326","title":{"rendered":"B\u00fasqueda de Guido Vallejos: encontraron otro auto de la piquetera Vanesa L\u00f3pez"},"content":{"rendered":"\n<figure class=\"wp-block-image size-full\"><img loading=\"lazy\" decoding=\"async\" width=\"720\" height=\"90\" src=\"http:\/\/hdpnoticias.com.ar\/wp-content\/uploads\/2024\/05\/Obras-Publicas.gif\" alt=\"\" class=\"wp-image-6818\"\/><\/figure>\n\n\n\n<p>La tarde de este mi\u00e9rcoles la Polic\u00eda del Chaco despleg\u00f3 varias unidades en un megaoperativo de b\u00fasqueda de Guido Vallejos, de26 a\u00f1os, desaparecido hace 9 d\u00edas en Villa Odorico, en Resistencia.<\/p>\n\n\n\n<p>En ese marco, se dispuso el allanamiento de una vivienda en la calle San Fernando y la avenida Rivadavia, en el que encontraron, por casualidad, un Chevrolet Cruze oculto en bald\u00edo contiguo.<\/p>\n\n\n\n<p>Individualizado el veh\u00edculo se pudo saber que es propiedad de la dirigente piquetera Vanesa L\u00f3pez, ligada al gobierno de Jorge Capitanich, imputada por la venta a supermercados de toneladas de mercader\u00eda provista por el entonces Ministerio de Desarrollo Social para familias de su organizaci\u00f3n, condenada junto a su esposo por la Justicia Federal en un juicio abreviado por lavado de activos.<\/p>\n\n\n\n<p>El auto en cuesti\u00f3n no hab\u00eda sido hallado el momento de la incautaci\u00f3n de su numerosa flota de veh\u00edculos de la que hac\u00eda alarde en las redes sociales.<\/p>\n\n\n\n<p>En este procedimiento, adem\u00e1s fueron secuestrados 2 rifles calibre 22 con la numeraci\u00f3n limada, y 2 escopetas y municiones de diversos calibres y un cartucho de escopeta percutado.<\/p>\n","protected":false},"excerpt":{"rendered":"<p>La tarde de este mi\u00e9rcoles la Polic\u00eda del Chaco despleg\u00f3 varias unidades en un megaoperativo de b\u00fasqueda de Guido Vallejos, de26 a\u00f1os, desaparecido hace 9 d\u00edas en Villa Odorico, en Resistencia. En ese marco, se dispuso el allanamiento de una vivienda en la calle San Fernando y la avenida Rivadavia, en el que encontraron, por [&hellip;]<\/p>\n","protected":false},"author":1,"featured_media":9327,"comment_status":"open","ping_status":"open","sticky":false,"template":"","format":"standard","meta":{"footnotes":""},"categories":[26,27],"tags":[],"class_list":["post-9326","post","type-post","status-publish","format-standard","has-post-thumbnail","hentry","category-policiales","category-politica"],"_links":{"self":[{"href":"https:\/\/hdpnoticias.com.ar\/index.php?rest_route=\/wp\/v2\/posts\/9326","targetHints":{"allow":["GET"]}}],"collection":[{"href":"https:\/\/hdpnoticias.com.ar\/index.php?rest_route=\/wp\/v2\/posts"}],"about":[{"href":"https:\/\/hdpnoticias.com.ar\/index.php?rest_route=\/wp\/v2\/types\/post"}],"author":[{"embeddable":true,"href":"https:\/\/hdpnoticias.com.ar\/index.php?rest_route=\/wp\/v2\/users\/1"}],"replies":[{"embeddable":true,"href":"https:\/\/hdpnoticias.com.ar\/index.php?rest_route=%2Fwp%2Fv2%2Fcomments&post=9326"}],"version-history":[{"count":1,"href":"https:\/\/hdpnoticias.com.ar\/index.php?rest_route=\/wp\/v2\/posts\/9326\/revisions"}],"predecessor-version":[{"id":9328,"href":"https:\/\/hdpnoticias.com.ar\/index.php?rest_route=\/wp\/v2\/posts\/9326\/revisions\/9328"}],"wp:featuredmedia":[{"embeddable":true,"href":"https:\/\/hdpnoticias.com.ar\/index.php?rest_route=\/wp\/v2\/media\/9327"}],"wp:attachment":[{"href":"https:\/\/hdpnoticias.com.ar\/index.php?rest_route=%2Fwp%2Fv2%2Fmedia&parent=9326"}],"wp:term":[{"taxonomy":"category","embeddable":true,"href":"https:\/\/hdpnoticias.com.ar\/index.php?rest_route=%2Fwp%2Fv2%2Fcategories&post=9326"},{"taxonomy":"post_tag","embeddable":true,"href":"https:\/\/hdpnoticias.com.ar\/index.php?rest_route=%2Fwp%2Fv2%2Ftags&post=9326"}],"curies":[{"name":"wp","href":"https:\/\/api.w.org\/{rel}","templated":true}]}}