{"id":9323,"date":"2024-11-13T16:30:08","date_gmt":"2024-11-13T19:30:08","guid":{"rendered":"https:\/\/hdpnoticias.com.ar\/?p=9323"},"modified":"2024-11-13T16:30:10","modified_gmt":"2024-11-13T19:30:10","slug":"la-legislatura-suspendio-las-paso-provinciales-2025","status":"publish","type":"post","link":"https:\/\/hdpnoticias.com.ar\/?p=9323","title":{"rendered":"La Legislatura suspendi\u00f3 las Paso provinciales 2025"},"content":{"rendered":"\n<figure class=\"wp-block-image size-full\"><img loading=\"lazy\" decoding=\"async\" width=\"720\" height=\"90\" src=\"http:\/\/hdpnoticias.com.ar\/wp-content\/uploads\/2024\/05\/Copy-of-720x90-1.gif\" alt=\"\" class=\"wp-image-6806\"\/><\/figure>\n\n\n\n<p>La C\u00e1mara de Diputados del Chaco convirti\u00f3 en ley un proyecto de Andrea Charole y Gricelda Ojeda, de la Corriente de Expresi\u00f3n Renovada que lidera Gustavo Mart\u00ednez, para suspender las elecciones primarias, abiertas, simult\u00e1neas y obligatorias legislativas del pr\u00f3ximo a\u00f1o.<\/p>\n\n\n\n<p>El fundamento de la norma es el alto costo que representa para la Provincia en un momento econ\u00f3mico muy cr\u00edtico, adem\u00e1s de la baja participaci\u00f3n del electorado en estas convocatorias.<\/p>\n\n\n\n<p>Su promulgaci\u00f3n se da por descontada, ya que la idea cont\u00f3 con amplio respaldo: 23 votos a favor: adem\u00e1s de las autoras del proyecto, votaron los 15 aportados por el bloque oficialista Juntos por el Cambio; Dar\u00edo Bacileff Ivanoff, del Frente Integrador, y el opositor Frente Chaque\u00f1o se dividi\u00f3 en 5 a favor, 3 abstenciones, 2 en contra y 4 ausentes.<\/p>\n\n\n\n<p>El mismo argumento, seguramente, servir\u00e1 para unificar el calendario electoral provincial con el nacional.<\/p>\n\n\n\n<p><strong>Las 2 suspensiones<\/strong><\/p>\n\n\n\n<p>En 2019, al final del gobierno de Domingo Peppo, se opt\u00f3 por suspender las Paso por las mismas razones, en aquel momento abonadas por las inundaciones que afectaban a buena parte de la provincia. En esa oportunidad se eleg\u00eda gobernador y vice, y diputados provinciales.<\/p>\n\n\n\n<p>En la \u00faltima sesi\u00f3n de 2022 la Legislatura aprob\u00f3 la suspensi\u00f3n de las primarias gubernamentales y legislativas 2023 y la habilitaci\u00f3n de colectoras, una idea que buscaba reagrupar en el escrutinio todas las versiones peronistas, pero la oposici\u00f3n, hoy oficialismo, cuestion\u00f3 el procedimiento aduciendo que se hab\u00eda llegado a la votaci\u00f3n sin qu\u00f3rum y alterado la conformaci\u00f3n de la Comisi\u00f3n de Asuntos Constitucionales que deb\u00eda emitir dictamen. 3 meses despu\u00e9s el Superior Tribunal de Justicia le dio la raz\u00f3n y anul\u00f3 la norma por inconstitucional, y oblig\u00f3 al entonces gobernador Jorge Capitanich a convocarlas.<\/p>\n\n\n\n<p><strong>Paso nacionales<\/strong><\/p>\n\n\n\n<p>En este momento el Gobierno nacional pugna en el Congreso por eliminar directamente las Paso argumentando el impacto de esta erogaci\u00f3n en el equilibrio fiscal al que apunta su gesti\u00f3n. En el mismo sentido, aspira tambi\u00e9n a derogar el financiamiento de los partidos pol\u00edticos.<\/p>\n","protected":false},"excerpt":{"rendered":"<p>La C\u00e1mara de Diputados del Chaco convirti\u00f3 en ley un proyecto de Andrea Charole y Gricelda Ojeda, de la Corriente de Expresi\u00f3n Renovada que lidera Gustavo Mart\u00ednez, para suspender las elecciones primarias, abiertas, simult\u00e1neas y obligatorias legislativas del pr\u00f3ximo a\u00f1o. El fundamento de la norma es el alto costo que representa para la Provincia en [&hellip;]<\/p>\n","protected":false},"author":1,"featured_media":9324,"comment_status":"open","ping_status":"open","sticky":false,"template":"","format":"standard","meta":{"footnotes":""},"categories":[27],"tags":[],"class_list":["post-9323","post","type-post","status-publish","format-standard","has-post-thumbnail","hentry","category-politica"],"_links":{"self":[{"href":"https:\/\/hdpnoticias.com.ar\/index.php?rest_route=\/wp\/v2\/posts\/9323","targetHints":{"allow":["GET"]}}],"collection":[{"href":"https:\/\/hdpnoticias.com.ar\/index.php?rest_route=\/wp\/v2\/posts"}],"about":[{"href":"https:\/\/hdpnoticias.com.ar\/index.php?rest_route=\/wp\/v2\/types\/post"}],"author":[{"embeddable":true,"href":"https:\/\/hdpnoticias.com.ar\/index.php?rest_route=\/wp\/v2\/users\/1"}],"replies":[{"embeddable":true,"href":"https:\/\/hdpnoticias.com.ar\/index.php?rest_route=%2Fwp%2Fv2%2Fcomments&post=9323"}],"version-history":[{"count":1,"href":"https:\/\/hdpnoticias.com.ar\/index.php?rest_route=\/wp\/v2\/posts\/9323\/revisions"}],"predecessor-version":[{"id":9325,"href":"https:\/\/hdpnoticias.com.ar\/index.php?rest_route=\/wp\/v2\/posts\/9323\/revisions\/9325"}],"wp:featuredmedia":[{"embeddable":true,"href":"https:\/\/hdpnoticias.com.ar\/index.php?rest_route=\/wp\/v2\/media\/9324"}],"wp:attachment":[{"href":"https:\/\/hdpnoticias.com.ar\/index.php?rest_route=%2Fwp%2Fv2%2Fmedia&parent=9323"}],"wp:term":[{"taxonomy":"category","embeddable":true,"href":"https:\/\/hdpnoticias.com.ar\/index.php?rest_route=%2Fwp%2Fv2%2Fcategories&post=9323"},{"taxonomy":"post_tag","embeddable":true,"href":"https:\/\/hdpnoticias.com.ar\/index.php?rest_route=%2Fwp%2Fv2%2Ftags&post=9323"}],"curies":[{"name":"wp","href":"https:\/\/api.w.org\/{rel}","templated":true}]}}