{"id":9312,"date":"2024-11-12T21:55:08","date_gmt":"2024-11-13T00:55:08","guid":{"rendered":"http:\/\/hdpnoticias.com.ar\/?p=9312"},"modified":"2024-11-12T21:55:09","modified_gmt":"2024-11-13T00:55:09","slug":"energia-obra-inaugurada-por-capitanich-en-2021-aun-no-esta-terminada","status":"publish","type":"post","link":"https:\/\/hdpnoticias.com.ar\/?p=9312","title":{"rendered":"Energ\u00eda: obra inaugurada por Capitanich en 2021 a\u00fan no est\u00e1 terminada"},"content":{"rendered":"\n<figure class=\"wp-block-image size-full\"><img loading=\"lazy\" decoding=\"async\" width=\"728\" height=\"90\" src=\"http:\/\/hdpnoticias.com.ar\/wp-content\/uploads\/2024\/05\/Nachec.gif\" alt=\"\" class=\"wp-image-6814\"\/><\/figure>\n\n\n\n<p>\u201cEl gobernador Jorge Capitanich inaugur\u00f3 la Estaci\u00f3n Transformadora \u2018Vilelas\u2018 ubicada en la zona sur del Gran Resistencia y la l\u00ednea de alta tensi\u00f3n en 132 Kv proveniente de Puerto Bastiani, que elevar\u00e1 la calidad de la red energ\u00e9tica en todo el territorio chaque\u00f1o\u201d, inform\u00f3 el Gobierno provincial a trav\u00e9s de su sitio oficial el s\u00e1bado 2 de octubre de 2021, en plena campa\u00f1a electoral, entre las Paso y las generales.<\/p>\n\n\n\n<p>\u201cGobernar es hacer, escuchar demandas de las y los vecinos y transformarlas en obras. Reactivar esta obra signific\u00f3 una decisi\u00f3n pol\u00edtica de nuestra parte y por eso, impulsamos la asignaci\u00f3n de los primeros 700 millones de pesos para que esta obra adquiera una din\u00e1mica que permita su reactivaci\u00f3n e inaugurarla hoy\u201d, dijo, remarcando que hab\u00eda sido \u201cparalizada en el per\u00edodo 2015-2019\u201d, durante la presidencia de Mauricio Macri.<\/p>\n\n\n\n<p>Del acto participaron el ministro de Planificaci\u00f3n, Econom\u00eda e Infraestructura: Santiago P\u00e9rez Pons, hoy diputado provincial, el presidente de Secheep: Gast\u00f3n Blanquet, y el presidente de la C\u00e1mara de Diputados: Hugo Sager; entre otros funcionarios.<\/p>\n\n\n\n<p>\u201cEs una obra significativa para el Chaco que implica una inversi\u00f3n equivalente a m\u00e1s de 35 millones de d\u00f3lares. La misma se pudo concretar gracias a los aportes del Gobierno Nacional que, junto al Estado provincial, han podido plasmar un conjunto de iniciativas para poder finalizarla\u201d, hab\u00eda remarcado Capitanich.<\/p>\n\n\n\n<p>Sin embargo, la actual gesti\u00f3n, encabezada por Leandro Zdero, asevera que la obra est\u00e1 inconclusa. Deb\u00eda entrar en servicio en 2017 pero a\u00fan est\u00e1 pendiente por la falta de un acuerdo entre la Provincia y la transportadora de energ\u00eda Transener, algo que reci\u00e9n se concret\u00f3 ahora, lo que permitir\u00e1 completar los trabajos, principalmente la l\u00ednea de 132 kilovatios doble terna para alimentar a la ET Vilelas con la energ\u00eda provista desde Bastiani.<\/p>\n\n\n\n<p>Esto explicar\u00eda por qu\u00e9 persistieron las \u201cperturbaciones\u201d a pesar de que el exgobernador hab\u00eda anunciado el punto final para los cortes en el suministro el\u00e9ctrico.<\/p>\n","protected":false},"excerpt":{"rendered":"<p>\u201cEl gobernador Jorge Capitanich inaugur\u00f3 la Estaci\u00f3n Transformadora \u2018Vilelas\u2018 ubicada en la zona sur del Gran Resistencia y la l\u00ednea de alta tensi\u00f3n en 132 Kv proveniente de Puerto Bastiani, que elevar\u00e1 la calidad de la red energ\u00e9tica en todo el territorio chaque\u00f1o\u201d, inform\u00f3 el Gobierno provincial a trav\u00e9s de su sitio oficial el s\u00e1bado [&hellip;]<\/p>\n","protected":false},"author":1,"featured_media":9313,"comment_status":"open","ping_status":"open","sticky":false,"template":"","format":"standard","meta":{"footnotes":""},"categories":[6],"tags":[29,235,4315,328,4316,921],"class_list":["post-9312","post","type-post","status-publish","format-standard","has-post-thumbnail","hentry","category-info-general","tag-capitanich","tag-perez-pons","tag-puerto-bastiani","tag-puerto-vilelas","tag-transener","tag-zdero"],"_links":{"self":[{"href":"https:\/\/hdpnoticias.com.ar\/index.php?rest_route=\/wp\/v2\/posts\/9312","targetHints":{"allow":["GET"]}}],"collection":[{"href":"https:\/\/hdpnoticias.com.ar\/index.php?rest_route=\/wp\/v2\/posts"}],"about":[{"href":"https:\/\/hdpnoticias.com.ar\/index.php?rest_route=\/wp\/v2\/types\/post"}],"author":[{"embeddable":true,"href":"https:\/\/hdpnoticias.com.ar\/index.php?rest_route=\/wp\/v2\/users\/1"}],"replies":[{"embeddable":true,"href":"https:\/\/hdpnoticias.com.ar\/index.php?rest_route=%2Fwp%2Fv2%2Fcomments&post=9312"}],"version-history":[{"count":1,"href":"https:\/\/hdpnoticias.com.ar\/index.php?rest_route=\/wp\/v2\/posts\/9312\/revisions"}],"predecessor-version":[{"id":9314,"href":"https:\/\/hdpnoticias.com.ar\/index.php?rest_route=\/wp\/v2\/posts\/9312\/revisions\/9314"}],"wp:featuredmedia":[{"embeddable":true,"href":"https:\/\/hdpnoticias.com.ar\/index.php?rest_route=\/wp\/v2\/media\/9313"}],"wp:attachment":[{"href":"https:\/\/hdpnoticias.com.ar\/index.php?rest_route=%2Fwp%2Fv2%2Fmedia&parent=9312"}],"wp:term":[{"taxonomy":"category","embeddable":true,"href":"https:\/\/hdpnoticias.com.ar\/index.php?rest_route=%2Fwp%2Fv2%2Fcategories&post=9312"},{"taxonomy":"post_tag","embeddable":true,"href":"https:\/\/hdpnoticias.com.ar\/index.php?rest_route=%2Fwp%2Fv2%2Ftags&post=9312"}],"curies":[{"name":"wp","href":"https:\/\/api.w.org\/{rel}","templated":true}]}}