{"id":9289,"date":"2024-11-11T12:12:30","date_gmt":"2024-11-11T15:12:30","guid":{"rendered":"http:\/\/hdpnoticias.com.ar\/?p=9289"},"modified":"2024-11-11T12:13:12","modified_gmt":"2024-11-11T15:13:12","slug":"peppo-el-pj-debe-terminar-con-eso-de-que-yo-la-tengo-mas-larga-y-decido-todo","status":"publish","type":"post","link":"https:\/\/hdpnoticias.com.ar\/?p=9289","title":{"rendered":"Peppo: El PJ debe terminar con eso de que \u201cyo la tengo m\u00e1s larga y decido todo\u201d"},"content":{"rendered":"\n<figure class=\"wp-block-image size-full\"><img loading=\"lazy\" decoding=\"async\" width=\"720\" height=\"90\" src=\"http:\/\/hdpnoticias.com.ar\/wp-content\/uploads\/2024\/05\/Copy-of-720x90-1.gif\" alt=\"\" class=\"wp-image-6806\"\/><\/figure>\n\n\n\n<p>\u201cDurante la gesti\u00f3n anterior de Capitanich el PJ estaba cerrado. Y no s\u00f3lo eso sino que quer\u00edan institucionalizar el frente y dejar afuera al partido\u201d, record\u00f3 el exgobernador Domingo Peppo describiendo algunos aspectos de la interna del Justicialismo chaque\u00f1o, durante una entrevista con Roberto Espinoza en Radio Independencia.<\/p>\n\n\n\n<p>Para \u00e9l, el peronismo no est\u00e1 atravesando un buen momento despu\u00e9s de las derrotas tanto a nivel nacional como provincial, y recientemente se sum\u00f3 otra frustraci\u00f3n con el rechazo de la lista encabezada por el gobernador de La Rioja, Ricardo Quintela, que buscaba disputar la conducci\u00f3n partidaria con la expresidente Cristina Fern\u00e1ndez.<\/p>\n\n\n\n<p>Peppo adhiri\u00f3 a la candidatura de Quintela a la presidencia del PJ con la intendente de Barranqueras: Magda Ayala como candidata a vicepresidente primera, por entender que encarnaba una propuesta federal. Desde su perspectiva, una elecci\u00f3n interna hubiera dinamizado y fortalecido al peronismo.<\/p>\n\n\n\n<p>Y entiende que el mismo proceso hubiera tenido su correlato a nivel provincial, algo que finalmente no ocurrir\u00e1. Por eso considera que hay que habilitar a la mayor brevedad posible instancias de di\u00e1logo para \u201creconstruir\u201d el partido.<\/p>\n\n\n\n<p>\u201cEl peronismo no es s\u00f3lo el kirchnerismo, o La C\u00e1mpora\u201d, dijo al diagnosticar que buena parte de la dispersi\u00f3n que impera en el PJ se genera porque \u201cmuchos sectores activan permanentemente mecanismos de autodefensa\u201d. Y record\u00f3 que esa actitud dej\u00f3 al PJ fuera de las elecciones nacionales de 2017. \u201cCuando yo era presidente del PJ no tuvimos los votos y un grupo decidi\u00f3 que seamos representados por Unidad Ciudadana que sac\u00f3 90 mil votos y perdimos las elecciones con A\u00edda Ayala\u201d, repas\u00f3.<\/p>\n\n\n\n<p>\u201cHay que replantear ese criterio de que yo la tengo m\u00e1s larga y por eso impongo las condiciones y no me importa nada. Hay que abrir el partido y escuchar\u201d, pidi\u00f3, apuntando, aunque t\u00e1citamente, a Capitanich, que interpret\u00f3 que como el Frente Chaque\u00f1o super\u00f3 en las elecciones de 2023 a Todos Unidos de Peppo y la Corriente de Expresi\u00f3n renovada que lidera Gustavo Mart\u00ednez, entre otras versiones electorales peronistas, podr\u00eda considerarse que la interna ya fue superada. \u201cJustamente el fracaso en la b\u00fasqueda del consenso deriv\u00f3 en el surgimiento de otros espacios\u201d, grafic\u00f3.<\/p>\n\n\n\n<p>Aunque dijo estar convencido de que esta vez ese proceso se va a dar, no se mostr\u00f3 muy optimista, por lo que, mientras madura la idea, sali\u00f3 por su cuenta a \u201ccaminar la provincia para escuchar\u201d, convencido de que \u201cla dirigencia est\u00e1 muy cuestionada y atraviesa una crisis de representatividad\u201d, desde los punteros, pasando por las l\u00edneas intermedias, hasta los que, como \u00e9l, tuvieron mayores responsabilidades en la conducci\u00f3n de un proceso que termin\u00f3 en derrota electoral.<\/p>\n\n\n\n<p>Las elecciones legislativas del pr\u00f3ximo a\u00f1o, a su entender, podr\u00edan servir de \u201centrenamiento\u201d camino a la construcci\u00f3n de una alternativa que pueda disputar la gobernaci\u00f3n en 2027, pero considera que deber\u00eda mediar un \u201cdesprendimiento\u201d de quienes ya desempe\u00f1aron roles importantes, que deber\u00edan limitarse a acompa\u00f1ar a nuevos nombres propios.<\/p>\n\n\n\n<p>\u201cDeber\u00edamos ser gestores de ese encuentro que necesita el peronismo, que debe ser amplio, no sentarnos entre cuatro paredes\u201d, plante\u00f3, y sugiri\u00f3 a todos los actores una infusi\u00f3n de \u201ctilo, tilo, tilo, para poder hablar con sinceridad, reconocer los errores y hacer autocr\u00edtica sin que nadie se enoje\u201d. Porque, seg\u00fan \u00e9l, \u201chay gente que se enoja cuando escucha algunas cosas\u201d.<\/p>\n","protected":false},"excerpt":{"rendered":"<p>\u201cDurante la gesti\u00f3n anterior de Capitanich el PJ estaba cerrado. Y no s\u00f3lo eso sino que quer\u00edan institucionalizar el frente y dejar afuera al partido\u201d, record\u00f3 el exgobernador Domingo Peppo describiendo algunos aspectos de la interna del Justicialismo chaque\u00f1o, durante una entrevista con Roberto Espinoza en Radio Independencia. Para \u00e9l, el peronismo no est\u00e1 atravesando [&hellip;]<\/p>\n","protected":false},"author":1,"featured_media":2325,"comment_status":"open","ping_status":"open","sticky":false,"template":"","format":"standard","meta":{"footnotes":""},"categories":[27],"tags":[29,37,35,241,1337,248,4303],"class_list":["post-9289","post","type-post","status-publish","format-standard","has-post-thumbnail","hentry","category-politica","tag-capitanich","tag-chaco","tag-kirchnerismo","tag-peppo","tag-peronismo","tag-pj","tag-unidad-ciudadana"],"_links":{"self":[{"href":"https:\/\/hdpnoticias.com.ar\/index.php?rest_route=\/wp\/v2\/posts\/9289","targetHints":{"allow":["GET"]}}],"collection":[{"href":"https:\/\/hdpnoticias.com.ar\/index.php?rest_route=\/wp\/v2\/posts"}],"about":[{"href":"https:\/\/hdpnoticias.com.ar\/index.php?rest_route=\/wp\/v2\/types\/post"}],"author":[{"embeddable":true,"href":"https:\/\/hdpnoticias.com.ar\/index.php?rest_route=\/wp\/v2\/users\/1"}],"replies":[{"embeddable":true,"href":"https:\/\/hdpnoticias.com.ar\/index.php?rest_route=%2Fwp%2Fv2%2Fcomments&post=9289"}],"version-history":[{"count":1,"href":"https:\/\/hdpnoticias.com.ar\/index.php?rest_route=\/wp\/v2\/posts\/9289\/revisions"}],"predecessor-version":[{"id":9290,"href":"https:\/\/hdpnoticias.com.ar\/index.php?rest_route=\/wp\/v2\/posts\/9289\/revisions\/9290"}],"wp:featuredmedia":[{"embeddable":true,"href":"https:\/\/hdpnoticias.com.ar\/index.php?rest_route=\/wp\/v2\/media\/2325"}],"wp:attachment":[{"href":"https:\/\/hdpnoticias.com.ar\/index.php?rest_route=%2Fwp%2Fv2%2Fmedia&parent=9289"}],"wp:term":[{"taxonomy":"category","embeddable":true,"href":"https:\/\/hdpnoticias.com.ar\/index.php?rest_route=%2Fwp%2Fv2%2Fcategories&post=9289"},{"taxonomy":"post_tag","embeddable":true,"href":"https:\/\/hdpnoticias.com.ar\/index.php?rest_route=%2Fwp%2Fv2%2Ftags&post=9289"}],"curies":[{"name":"wp","href":"https:\/\/api.w.org\/{rel}","templated":true}]}}