{"id":9263,"date":"2024-11-07T11:13:38","date_gmt":"2024-11-07T14:13:38","guid":{"rendered":"http:\/\/hdpnoticias.com.ar\/?p=9263"},"modified":"2024-11-07T11:34:42","modified_gmt":"2024-11-07T14:34:42","slug":"menem-la-pobreza-y-la-inflacion-bajan-y-el-empleo-y-los-salarios-suben-sin-parar","status":"publish","type":"post","link":"https:\/\/hdpnoticias.com.ar\/?p=9263","title":{"rendered":"Menem: La pobreza y la inflaci\u00f3n bajan y el empleo y los salarios suben sin parar"},"content":{"rendered":"\n<figure class=\"wp-block-image size-full\"><img loading=\"lazy\" decoding=\"async\" width=\"720\" height=\"90\" src=\"http:\/\/hdpnoticias.com.ar\/wp-content\/uploads\/2024\/05\/Obras-Publicas.gif\" alt=\"\" class=\"wp-image-6818\"\/><\/figure>\n\n\n\n<p>El pr\u00f3ximo s\u00e1bado el presidente de la C\u00e1mara de Diputados de la Naci\u00f3n: Mart\u00edn Menem, acompa\u00f1ar\u00e1 a Karina Milei en su visita a Chaco y Corrientes para lanzar oficialmente La Libertad Avanza como partido.<\/p>\n\n\n\n<p>A modo de avanzada, el legislador dio una serie de entrevistas a medios de la zona, en las que asever\u00f3 que \u201cno se pueden resolver en 11 meses los problemas generados en 25 a\u00f1os\u201d, endilg\u00e1ndole a la denominada \u201cpesada herencia\u201d recibida los inconvenientes tras la asunci\u00f3n de Javier Milei como presidente de la Naci\u00f3n.<\/p>\n\n\n\n<p>\u201cCon mucha destreza, mu\u00f1eca y cintura se logr\u00f3 esquivar la hiper, y ya en el primer trimestre la pobreza estaba bajando, la inflaci\u00f3n estaba bajando, y esa tendencia es imparable\u201d, dijo en Somos Uno, y consider\u00f3 que \u201cpor eso algunos sectores pol\u00edticos est\u00e1n desesperados y como est\u00e1n pensando en las elecciones de 2025, ven con mucha preocupaci\u00f3n que le vaya bien al gobierno de Milei\u201d.<\/p>\n\n\n\n<p>\u201cHay un sector de la pol\u00edtica que no va a tener m\u00e1s privilegios\u201d, insisti\u00f3, y remarc\u00f3: \u201cEstoy convencido de que todos los n\u00fameros van a mejorar, la pobreza, la indigencia, el empleo formal, el poder adquisitivo va a seguir recuper\u00e1ndose\u2026\u201d. Y para completar el escenario de bonanza descrito, afirm\u00f3 que \u201cLos salarios de todos los sectores est\u00e1n creciendo por encima de la inflaci\u00f3n desde hace 5 meses\u201d.<\/p>\n\n\n\n<p>\u201cAl fin lleg\u00f3 una persona racional al gobierno\u201d, dijo en alusi\u00f3n a Javier Milei.<\/p>\n","protected":false},"excerpt":{"rendered":"<p>El pr\u00f3ximo s\u00e1bado el presidente de la C\u00e1mara de Diputados de la Naci\u00f3n: Mart\u00edn Menem, acompa\u00f1ar\u00e1 a Karina Milei en su visita a Chaco y Corrientes para lanzar oficialmente La Libertad Avanza como partido. A modo de avanzada, el legislador dio una serie de entrevistas a medios de la zona, en las que asever\u00f3 que [&hellip;]<\/p>\n","protected":false},"author":1,"featured_media":9264,"comment_status":"open","ping_status":"open","sticky":false,"template":"","format":"standard","meta":{"footnotes":""},"categories":[27],"tags":[3019,2325,287,1319,694],"class_list":["post-9263","post","type-post","status-publish","format-standard","has-post-thumbnail","hentry","category-politica","tag-herencia","tag-la-libertad-avanza","tag-menem","tag-milei","tag-pobreza"],"_links":{"self":[{"href":"https:\/\/hdpnoticias.com.ar\/index.php?rest_route=\/wp\/v2\/posts\/9263","targetHints":{"allow":["GET"]}}],"collection":[{"href":"https:\/\/hdpnoticias.com.ar\/index.php?rest_route=\/wp\/v2\/posts"}],"about":[{"href":"https:\/\/hdpnoticias.com.ar\/index.php?rest_route=\/wp\/v2\/types\/post"}],"author":[{"embeddable":true,"href":"https:\/\/hdpnoticias.com.ar\/index.php?rest_route=\/wp\/v2\/users\/1"}],"replies":[{"embeddable":true,"href":"https:\/\/hdpnoticias.com.ar\/index.php?rest_route=%2Fwp%2Fv2%2Fcomments&post=9263"}],"version-history":[{"count":2,"href":"https:\/\/hdpnoticias.com.ar\/index.php?rest_route=\/wp\/v2\/posts\/9263\/revisions"}],"predecessor-version":[{"id":9266,"href":"https:\/\/hdpnoticias.com.ar\/index.php?rest_route=\/wp\/v2\/posts\/9263\/revisions\/9266"}],"wp:featuredmedia":[{"embeddable":true,"href":"https:\/\/hdpnoticias.com.ar\/index.php?rest_route=\/wp\/v2\/media\/9264"}],"wp:attachment":[{"href":"https:\/\/hdpnoticias.com.ar\/index.php?rest_route=%2Fwp%2Fv2%2Fmedia&parent=9263"}],"wp:term":[{"taxonomy":"category","embeddable":true,"href":"https:\/\/hdpnoticias.com.ar\/index.php?rest_route=%2Fwp%2Fv2%2Fcategories&post=9263"},{"taxonomy":"post_tag","embeddable":true,"href":"https:\/\/hdpnoticias.com.ar\/index.php?rest_route=%2Fwp%2Fv2%2Ftags&post=9263"}],"curies":[{"name":"wp","href":"https:\/\/api.w.org\/{rel}","templated":true}]}}