{"id":921,"date":"2023-02-21T15:55:21","date_gmt":"2023-02-21T18:55:21","guid":{"rendered":"http:\/\/hdpnoticias.com.ar\/?p=921"},"modified":"2023-02-21T15:55:23","modified_gmt":"2023-02-21T18:55:23","slug":"margarita-belen-la-municipalidad-talo-un-timbo-centenario-para-pavimentar-una-calle","status":"publish","type":"post","link":"https:\/\/hdpnoticias.com.ar\/?p=921","title":{"rendered":"Margarita Bel\u00e9n: la Municipalidad tal\u00f3 un timb\u00f3 centenario para pavimentar una calle"},"content":{"rendered":"\n<p>La Municipalidad de Margarita Bel\u00e9n tal\u00f3 la madrugada de este martes un magn\u00edfico ejemplar de timb\u00f3 de aproximadamente 150 a\u00f1os para evitar modificar la traza de la pavimentaci\u00f3n de la avenida 17 de Agosto.<\/p>\n\n\n\n<p>El Concejo Municipal hab\u00eda autorizado al intendente Javier Mart\u00ednez a \u201cextraer\u201d el \u00e1rbol que se interpon\u00eda en uno de los carriles de la avenida, aduciendo un informe del Instituto de Investigaciones Forestales y Agropecuarias de la Provincia, que estimaba que la estructura no era estable y que podr\u00eda causar da\u00f1os a los transe\u00fantes.<\/p>\n\n\n\n<p>El supuesto riesgo patente datar\u00eda de varios a\u00f1os, sin embargo el \u00e1rbol reci\u00e9n fue cortado cuando a la Municipalidad le surgi\u00f3 el inter\u00e9s por avanzar con la pavimentaci\u00f3n.<\/p>\n\n\n\n<p>Adem\u00e1s, el argumento de la inestabilidad y debilidad del \u00e1rbol result\u00f3 ser falso, ya que el tronco result\u00f3 ser completamente macizo, contradiciendo el informe del IIFA que aseguraba que era huego y estaba en descomposici\u00f3n.<\/p>\n\n\n\n<p>Vecinos y organizaciones ambientalistas se hab\u00edan manifestado en contra de la tala, y ped\u00edan que para evitarla se desviara algunos metros el carril involucrado, generando una platabanda para preservar el \u00e1rbol, pero la propuesta no fue tomada por las autoridades.<\/p>\n\n\n\n<p>No es la primera vez que la intendencia de Javier Mart\u00ednez tala \u00e1rboles hist\u00f3ricos sin contemplar el da\u00f1o ambiental. Varios ejemplaras de eucaliptos, entre otras especies, ya fueron derribados para cercar un predio destinado a un polideportivo.<\/p>\n","protected":false},"excerpt":{"rendered":"<p>La Municipalidad de Margarita Bel\u00e9n tal\u00f3 la madrugada de este martes un magn\u00edfico ejemplar de timb\u00f3 de aproximadamente 150 a\u00f1os para evitar modificar la traza de la pavimentaci\u00f3n de la avenida 17 de Agosto. El Concejo Municipal hab\u00eda autorizado al intendente Javier Mart\u00ednez a \u201cextraer\u201d el \u00e1rbol que se interpon\u00eda en uno de los carriles [&hellip;]<\/p>\n","protected":false},"author":1,"featured_media":0,"comment_status":"open","ping_status":"open","sticky":false,"template":"","format":"standard","meta":{"footnotes":""},"categories":[6],"tags":[644,645,538,642,643,641],"class_list":["post-921","post","type-post","status-publish","format-standard","hentry","category-info-general","tag-ambiente","tag-iifa","tag-margarita-belen","tag-martinez","tag-pavimento","tag-timbo"],"_links":{"self":[{"href":"https:\/\/hdpnoticias.com.ar\/index.php?rest_route=\/wp\/v2\/posts\/921","targetHints":{"allow":["GET"]}}],"collection":[{"href":"https:\/\/hdpnoticias.com.ar\/index.php?rest_route=\/wp\/v2\/posts"}],"about":[{"href":"https:\/\/hdpnoticias.com.ar\/index.php?rest_route=\/wp\/v2\/types\/post"}],"author":[{"embeddable":true,"href":"https:\/\/hdpnoticias.com.ar\/index.php?rest_route=\/wp\/v2\/users\/1"}],"replies":[{"embeddable":true,"href":"https:\/\/hdpnoticias.com.ar\/index.php?rest_route=%2Fwp%2Fv2%2Fcomments&post=921"}],"version-history":[{"count":1,"href":"https:\/\/hdpnoticias.com.ar\/index.php?rest_route=\/wp\/v2\/posts\/921\/revisions"}],"predecessor-version":[{"id":923,"href":"https:\/\/hdpnoticias.com.ar\/index.php?rest_route=\/wp\/v2\/posts\/921\/revisions\/923"}],"wp:attachment":[{"href":"https:\/\/hdpnoticias.com.ar\/index.php?rest_route=%2Fwp%2Fv2%2Fmedia&parent=921"}],"wp:term":[{"taxonomy":"category","embeddable":true,"href":"https:\/\/hdpnoticias.com.ar\/index.php?rest_route=%2Fwp%2Fv2%2Fcategories&post=921"},{"taxonomy":"post_tag","embeddable":true,"href":"https:\/\/hdpnoticias.com.ar\/index.php?rest_route=%2Fwp%2Fv2%2Ftags&post=921"}],"curies":[{"name":"wp","href":"https:\/\/api.w.org\/{rel}","templated":true}]}}