{"id":9209,"date":"2021-10-28T11:41:00","date_gmt":"2021-10-28T14:41:00","guid":{"rendered":"https:\/\/hdpnoticias.com.ar\/?p=9209"},"modified":"2024-11-03T11:51:09","modified_gmt":"2024-11-03T14:51:09","slug":"capitanich-paso-el-dia-del-empleado-publico-para-el-lunes-y-decreto-un-finde-xl","status":"publish","type":"post","link":"https:\/\/hdpnoticias.com.ar\/?p=9209","title":{"rendered":"Capitanich pas\u00f3 el D\u00eda del Empleado P\u00fablico para el lunes y decret\u00f3 un finde XL"},"content":{"rendered":"\n<p>Cada 31 de octubre se conmemora en Chaco, por ley, el D\u00eda del Empleado P\u00fablico Provincial.<\/p>\n\n\n\n<p>En esta oportunidad el onom\u00e1stico es el pr\u00f3ximo domingo. Pero el gobernador Jorge Capitanich, a instancias del secretario general de UPCP: Jos\u00e9 Niz, decidi\u00f3 trasladarlo al d\u00eda siguiente: lunes 1 de noviembre, y declarar asueto administrativo.<\/p>\n\n\n\n<p>As\u00ed, sumado al asueto del 2 de noviembre, evocaci\u00f3n de los Fieles Difuntos, popularmente denominado \u201cd\u00eda de los muertos\u201d, los trabajadores p\u00fablicos gozar\u00e1n de otro fin de semana extra largo.<\/p>\n","protected":false},"excerpt":{"rendered":"<p>Cada 31 de octubre se conmemora en Chaco, por ley, el D\u00eda del Empleado P\u00fablico Provincial. En esta oportunidad el onom\u00e1stico es el pr\u00f3ximo domingo. Pero el gobernador Jorge Capitanich, a instancias del secretario general de UPCP: Jos\u00e9 Niz, decidi\u00f3 trasladarlo al d\u00eda siguiente: lunes 1 de noviembre, y declarar asueto administrativo. As\u00ed, sumado al [&hellip;]<\/p>\n","protected":false},"author":1,"featured_media":9210,"comment_status":"open","ping_status":"open","sticky":false,"template":"","format":"standard","meta":{"footnotes":""},"categories":[6,27],"tags":[2804,29,4267,2369,4266,4270],"class_list":["post-9209","post","type-post","status-publish","format-standard","has-post-thumbnail","hentry","category-info-general","category-politica","tag-asueto","tag-capitanich","tag-empleados-publicos","tag-estatales","tag-niz","tag-onomastico"],"_links":{"self":[{"href":"https:\/\/hdpnoticias.com.ar\/index.php?rest_route=\/wp\/v2\/posts\/9209","targetHints":{"allow":["GET"]}}],"collection":[{"href":"https:\/\/hdpnoticias.com.ar\/index.php?rest_route=\/wp\/v2\/posts"}],"about":[{"href":"https:\/\/hdpnoticias.com.ar\/index.php?rest_route=\/wp\/v2\/types\/post"}],"author":[{"embeddable":true,"href":"https:\/\/hdpnoticias.com.ar\/index.php?rest_route=\/wp\/v2\/users\/1"}],"replies":[{"embeddable":true,"href":"https:\/\/hdpnoticias.com.ar\/index.php?rest_route=%2Fwp%2Fv2%2Fcomments&post=9209"}],"version-history":[{"count":1,"href":"https:\/\/hdpnoticias.com.ar\/index.php?rest_route=\/wp\/v2\/posts\/9209\/revisions"}],"predecessor-version":[{"id":9211,"href":"https:\/\/hdpnoticias.com.ar\/index.php?rest_route=\/wp\/v2\/posts\/9209\/revisions\/9211"}],"wp:featuredmedia":[{"embeddable":true,"href":"https:\/\/hdpnoticias.com.ar\/index.php?rest_route=\/wp\/v2\/media\/9210"}],"wp:attachment":[{"href":"https:\/\/hdpnoticias.com.ar\/index.php?rest_route=%2Fwp%2Fv2%2Fmedia&parent=9209"}],"wp:term":[{"taxonomy":"category","embeddable":true,"href":"https:\/\/hdpnoticias.com.ar\/index.php?rest_route=%2Fwp%2Fv2%2Fcategories&post=9209"},{"taxonomy":"post_tag","embeddable":true,"href":"https:\/\/hdpnoticias.com.ar\/index.php?rest_route=%2Fwp%2Fv2%2Ftags&post=9209"}],"curies":[{"name":"wp","href":"https:\/\/api.w.org\/{rel}","templated":true}]}}