{"id":9194,"date":"2024-11-01T08:25:00","date_gmt":"2024-11-01T11:25:00","guid":{"rendered":"https:\/\/hdpnoticias.com.ar\/?p=9194"},"modified":"2024-12-04T08:08:53","modified_gmt":"2024-12-04T11:08:53","slug":"caso-cecilia-el-juez-azcona-estara-al-frente-del-juicio-por-jurado","status":"publish","type":"post","link":"https:\/\/hdpnoticias.com.ar\/?p=9194","title":{"rendered":"Caso Cecilia: el juez Azcona estar\u00e1 al frente del juicio por jurado"},"content":{"rendered":"\n<figure class=\"wp-block-image size-full\"><img loading=\"lazy\" decoding=\"async\" width=\"720\" height=\"90\" src=\"http:\/\/hdpnoticias.com.ar\/wp-content\/uploads\/2024\/05\/Obras-Publicas.gif\" alt=\"\" class=\"wp-image-6818\"\/><\/figure>\n\n\n\n<p>La Oficina Central de Juicio por Jurado del Poder Judicial resolvi\u00f3 por sorteo qui\u00e9n ser\u00e1 el juez t\u00e9cnico del juicio del Caso Cecilia. El azar recay\u00f3 sobre Ernesto Azcona, integrante de la C\u00e1mara Tercera en lo Criminal.<\/p>\n\n\n\n<p>El magistrado conducir\u00e1 la audiencia en la que se juzgar\u00e1 a C\u00e9sar Sena como autor del femicidio de su expareja, y a sus padres: los dirigentes sociales Emerenciano Sena y Marcela Acu\u00f1a, como coautores, cometido en junio de 2023.<\/p>\n\n\n\n<p>Esta semana el Equipo Fiscal Especial integrado por Mart\u00edn Bogado, Sergio C\u00e1ceres Olivera y dijo por clausurada la investigaci\u00f3n penal preparatoria y formaliz\u00f3 el requerimiento de elevaci\u00f3n a juicio.<\/p>\n\n\n\n<p>Se estima que la audiencia de debate podr\u00eda convocarse en marzo de 2025.<\/p>\n","protected":false},"excerpt":{"rendered":"<p>La Oficina Central de Juicio por Jurado del Poder Judicial resolvi\u00f3 por sorteo qui\u00e9n ser\u00e1 el juez t\u00e9cnico del juicio del Caso Cecilia. El azar recay\u00f3 sobre Ernesto Azcona, integrante de la C\u00e1mara Tercera en lo Criminal. El magistrado conducir\u00e1 la audiencia en la que se juzgar\u00e1 a C\u00e9sar Sena como autor del femicidio de [&hellip;]<\/p>\n","protected":false},"author":1,"featured_media":9195,"comment_status":"open","ping_status":"open","sticky":false,"template":"","format":"standard","meta":{"footnotes":""},"categories":[26],"tags":[3272,793,409,798],"class_list":["post-9194","post","type-post","status-publish","format-standard","has-post-thumbnail","hentry","category-policiales","tag-caso-cecilia","tag-emerenciano","tag-femicidio","tag-sena"],"_links":{"self":[{"href":"https:\/\/hdpnoticias.com.ar\/index.php?rest_route=\/wp\/v2\/posts\/9194","targetHints":{"allow":["GET"]}}],"collection":[{"href":"https:\/\/hdpnoticias.com.ar\/index.php?rest_route=\/wp\/v2\/posts"}],"about":[{"href":"https:\/\/hdpnoticias.com.ar\/index.php?rest_route=\/wp\/v2\/types\/post"}],"author":[{"embeddable":true,"href":"https:\/\/hdpnoticias.com.ar\/index.php?rest_route=\/wp\/v2\/users\/1"}],"replies":[{"embeddable":true,"href":"https:\/\/hdpnoticias.com.ar\/index.php?rest_route=%2Fwp%2Fv2%2Fcomments&post=9194"}],"version-history":[{"count":1,"href":"https:\/\/hdpnoticias.com.ar\/index.php?rest_route=\/wp\/v2\/posts\/9194\/revisions"}],"predecessor-version":[{"id":9196,"href":"https:\/\/hdpnoticias.com.ar\/index.php?rest_route=\/wp\/v2\/posts\/9194\/revisions\/9196"}],"wp:featuredmedia":[{"embeddable":true,"href":"https:\/\/hdpnoticias.com.ar\/index.php?rest_route=\/wp\/v2\/media\/9195"}],"wp:attachment":[{"href":"https:\/\/hdpnoticias.com.ar\/index.php?rest_route=%2Fwp%2Fv2%2Fmedia&parent=9194"}],"wp:term":[{"taxonomy":"category","embeddable":true,"href":"https:\/\/hdpnoticias.com.ar\/index.php?rest_route=%2Fwp%2Fv2%2Fcategories&post=9194"},{"taxonomy":"post_tag","embeddable":true,"href":"https:\/\/hdpnoticias.com.ar\/index.php?rest_route=%2Fwp%2Fv2%2Ftags&post=9194"}],"curies":[{"name":"wp","href":"https:\/\/api.w.org\/{rel}","templated":true}]}}