{"id":9185,"date":"2024-11-01T09:06:34","date_gmt":"2024-11-01T12:06:34","guid":{"rendered":"https:\/\/hdpnoticias.com.ar\/?p=9185"},"modified":"2024-12-04T08:11:03","modified_gmt":"2024-12-04T11:11:03","slug":"zdero-invito-al-papa-las-puertas-del-chaco-estan-abiertas","status":"publish","type":"post","link":"https:\/\/hdpnoticias.com.ar\/?p=9185","title":{"rendered":"Zdero invit\u00f3 al Papa: Las puertas del Chaco est\u00e1n abiertas"},"content":{"rendered":"\n<figure class=\"wp-block-image size-full\"><img loading=\"lazy\" decoding=\"async\" width=\"720\" height=\"90\" src=\"http:\/\/hdpnoticias.com.ar\/wp-content\/uploads\/2024\/05\/Copy-of-720x90-1.gif\" alt=\"\" class=\"wp-image-6806\"\/><\/figure>\n\n\n\n<p>El gobernador Leandro Zdero encabeza una comitiva de funcionarios y empresarios chaque\u00f1os que viaj\u00f3 a Europa para una serie de reuniones con autoridades gubernamentales y entidades empresarias en procura de establecer convenios de intercambio institucional y comercial.<\/p>\n\n\n\n<p>En ese marco Zdero visit\u00f3 al papa Francisco en el Vaticano. En una audiencia que se extendi\u00f3 por algo m\u00e1s de media hora, intercambiaron miradas sobre la situaci\u00f3n pol\u00edtica global y la que atraviesa el pa\u00eds y nuestra provincia. A modo de resumen, describi\u00f3 su preocupaci\u00f3n por el avance del narcotr\u00e1fico y las adicciones.<\/p>\n\n\n\n<p>El Gobernador, que asisti\u00f3 en compa\u00f1\u00eda de su esposa Ver\u00f3nica, dijo que Francisco guarda tiene muy presente al Chaco, que visit\u00f3 en algunas oportunidades antes de su proclamaci\u00f3n como papa.<\/p>\n\n\n\n<p>Hubo un intercambio de presentes y, aunque admiti\u00f3 que no hubo una invitaci\u00f3n formal, dijo haberle expresado que \u201clas puertas de la provincia est\u00e1n abiertas\u201d para cuando se proponga regresar de visita a Argentina.<\/p>\n\n\n\n<p><strong>Visita pendiente<\/strong><\/p>\n\n\n\n<p>Hasta ac\u00e1 todas fueron infructuosas todas las invitaciones hechas al Papa para visitar el pa\u00eds. Lo hicieron los 4 presidentes que ejercieron desde el inicio de su pontificado. Y desde el Chaco, se ofrecieron de anfitriones los exgobernadores Jorge Capitanich y Domingo Peppo.<\/p>\n\n\n\n<p><strong>El convite de Emerenciano<\/strong><\/p>\n\n\n\n<p>Tambi\u00e9n lo invit\u00f3 el dirigente piquetero Emerenciano Sena, en oportunidad de su viaje junto a su esposa: la dirigente Marcela Acu\u00f1a y el hijo de ambos C\u00e9sar Sena, hoy detenidos como autores del asesinato de Cecilia Strzyzowski. Aquella comitiva estaba integrada por otros referentes sociales como Quint\u00edn G\u00f3mez, tambi\u00e9n detenido en una causa por abuso sexual.<\/p>\n\n\n\n<p>El plan de Emerenciano era m\u00e1s ambicioso: ofreci\u00f3 como sede de la visita el mismo barrio Emerenciano, en el ex Campo de Tiro, en la zona sur de Resistencia, entendiendo que el lugar era considerablemente amplio y ten\u00eda acceso franco desde el aeropuerto.<\/p>\n","protected":false},"excerpt":{"rendered":"<p>El gobernador Leandro Zdero encabeza una comitiva de funcionarios y empresarios chaque\u00f1os que viaj\u00f3 a Europa para una serie de reuniones con autoridades gubernamentales y entidades empresarias en procura de establecer convenios de intercambio institucional y comercial. En ese marco Zdero visit\u00f3 al papa Francisco en el Vaticano. En una audiencia que se extendi\u00f3 por [&hellip;]<\/p>\n","protected":false},"author":1,"featured_media":9186,"comment_status":"open","ping_status":"open","sticky":false,"template":"","format":"standard","meta":{"footnotes":""},"categories":[27],"tags":[],"class_list":["post-9185","post","type-post","status-publish","format-standard","has-post-thumbnail","hentry","category-politica"],"_links":{"self":[{"href":"https:\/\/hdpnoticias.com.ar\/index.php?rest_route=\/wp\/v2\/posts\/9185","targetHints":{"allow":["GET"]}}],"collection":[{"href":"https:\/\/hdpnoticias.com.ar\/index.php?rest_route=\/wp\/v2\/posts"}],"about":[{"href":"https:\/\/hdpnoticias.com.ar\/index.php?rest_route=\/wp\/v2\/types\/post"}],"author":[{"embeddable":true,"href":"https:\/\/hdpnoticias.com.ar\/index.php?rest_route=\/wp\/v2\/users\/1"}],"replies":[{"embeddable":true,"href":"https:\/\/hdpnoticias.com.ar\/index.php?rest_route=%2Fwp%2Fv2%2Fcomments&post=9185"}],"version-history":[{"count":1,"href":"https:\/\/hdpnoticias.com.ar\/index.php?rest_route=\/wp\/v2\/posts\/9185\/revisions"}],"predecessor-version":[{"id":9187,"href":"https:\/\/hdpnoticias.com.ar\/index.php?rest_route=\/wp\/v2\/posts\/9185\/revisions\/9187"}],"wp:featuredmedia":[{"embeddable":true,"href":"https:\/\/hdpnoticias.com.ar\/index.php?rest_route=\/wp\/v2\/media\/9186"}],"wp:attachment":[{"href":"https:\/\/hdpnoticias.com.ar\/index.php?rest_route=%2Fwp%2Fv2%2Fmedia&parent=9185"}],"wp:term":[{"taxonomy":"category","embeddable":true,"href":"https:\/\/hdpnoticias.com.ar\/index.php?rest_route=%2Fwp%2Fv2%2Fcategories&post=9185"},{"taxonomy":"post_tag","embeddable":true,"href":"https:\/\/hdpnoticias.com.ar\/index.php?rest_route=%2Fwp%2Fv2%2Ftags&post=9185"}],"curies":[{"name":"wp","href":"https:\/\/api.w.org\/{rel}","templated":true}]}}