{"id":9168,"date":"2024-10-30T21:38:34","date_gmt":"2024-10-31T00:38:34","guid":{"rendered":"https:\/\/hdpnoticias.com.ar\/?p=9168"},"modified":"2024-10-30T21:38:36","modified_gmt":"2024-10-31T00:38:36","slug":"milei-echo-a-mondino-por-respaldar-a-cuba-y-auditara-al-personal-de-la-cancilleria","status":"publish","type":"post","link":"https:\/\/hdpnoticias.com.ar\/?p=9168","title":{"rendered":"Milei ech\u00f3 a Mondino por respaldar a Cuba y \u201cauditar\u00e1\u201d al personal de la Canciller\u00eda"},"content":{"rendered":"\n<figure class=\"wp-block-image size-full\"><img loading=\"lazy\" decoding=\"async\" width=\"720\" height=\"90\" src=\"http:\/\/hdpnoticias.com.ar\/wp-content\/uploads\/2024\/05\/Obras-Publicas.gif\" alt=\"\" class=\"wp-image-6818\"\/><\/figure>\n\n\n\n<p>El Presidente de la Naci\u00f3n: Javier Milei, ech\u00f3 a la canciller Diana Mondino por votar en contra del embargo de Estados Unidos a Cuba en la Asamblea de la Organizaci\u00f3n de las Naciones Unidas.<\/p>\n\n\n\n<p>Argentina se sum\u00f3 al respaldo a Cuba junto a otros 187 pa\u00edses y en contra de los votos de Estados Unidos e Israel, m\u00e1s la abstenci\u00f3n de Moldavia.<\/p>\n\n\n\n<p>La resoluci\u00f3n no es vinculante pero subraya el amplio rechazo internacional hacia la pol\u00edtica de EE.UU. y el impacto del embargo econ\u00f3mico impuesto hace 62 a\u00f1os.<\/p>\n\n\n\n<p>El voto critica el impacto &#8220;inhumano&#8221; de las sanciones y apela al respeto por la soberan\u00eda y el derecho a un desarrollo econ\u00f3mico independiente. El embargo fue denunciado por limitar seriamente el acceso de Cuba a alimentos, medicinas y energ\u00eda.<\/p>\n\n\n\n<p>Inmediatamente Milei ech\u00f3 a la canciller y la remplazar\u00e1 por el embajador en Estados Unidos: Gerardo Werthein, que ya dijo que \u201cArgentina tiene una sola pol\u00edtica internacional: la que define el Presidente\u201d.<\/p>\n\n\n\n<p>Adem\u00e1s, dijo que \u201cauditar\u00e1\u201d al personal de la Canciller\u00eda para detectar a los que \u201cintentan imponer una agenda contraria a las ideas de la libertad\u201d.<\/p>\n","protected":false},"excerpt":{"rendered":"<p>El Presidente de la Naci\u00f3n: Javier Milei, ech\u00f3 a la canciller Diana Mondino por votar en contra del embargo de Estados Unidos a Cuba en la Asamblea de la Organizaci\u00f3n de las Naciones Unidas. Argentina se sum\u00f3 al respaldo a Cuba junto a otros 187 pa\u00edses y en contra de los votos de Estados Unidos [&hellip;]<\/p>\n","protected":false},"author":1,"featured_media":8058,"comment_status":"open","ping_status":"open","sticky":false,"template":"","format":"standard","meta":{"footnotes":""},"categories":[27],"tags":[],"class_list":["post-9168","post","type-post","status-publish","format-standard","has-post-thumbnail","hentry","category-politica"],"_links":{"self":[{"href":"https:\/\/hdpnoticias.com.ar\/index.php?rest_route=\/wp\/v2\/posts\/9168","targetHints":{"allow":["GET"]}}],"collection":[{"href":"https:\/\/hdpnoticias.com.ar\/index.php?rest_route=\/wp\/v2\/posts"}],"about":[{"href":"https:\/\/hdpnoticias.com.ar\/index.php?rest_route=\/wp\/v2\/types\/post"}],"author":[{"embeddable":true,"href":"https:\/\/hdpnoticias.com.ar\/index.php?rest_route=\/wp\/v2\/users\/1"}],"replies":[{"embeddable":true,"href":"https:\/\/hdpnoticias.com.ar\/index.php?rest_route=%2Fwp%2Fv2%2Fcomments&post=9168"}],"version-history":[{"count":1,"href":"https:\/\/hdpnoticias.com.ar\/index.php?rest_route=\/wp\/v2\/posts\/9168\/revisions"}],"predecessor-version":[{"id":9169,"href":"https:\/\/hdpnoticias.com.ar\/index.php?rest_route=\/wp\/v2\/posts\/9168\/revisions\/9169"}],"wp:featuredmedia":[{"embeddable":true,"href":"https:\/\/hdpnoticias.com.ar\/index.php?rest_route=\/wp\/v2\/media\/8058"}],"wp:attachment":[{"href":"https:\/\/hdpnoticias.com.ar\/index.php?rest_route=%2Fwp%2Fv2%2Fmedia&parent=9168"}],"wp:term":[{"taxonomy":"category","embeddable":true,"href":"https:\/\/hdpnoticias.com.ar\/index.php?rest_route=%2Fwp%2Fv2%2Fcategories&post=9168"},{"taxonomy":"post_tag","embeddable":true,"href":"https:\/\/hdpnoticias.com.ar\/index.php?rest_route=%2Fwp%2Fv2%2Ftags&post=9168"}],"curies":[{"name":"wp","href":"https:\/\/api.w.org\/{rel}","templated":true}]}}