{"id":9154,"date":"2024-10-29T08:52:16","date_gmt":"2024-10-29T11:52:16","guid":{"rendered":"https:\/\/hdpnoticias.com.ar\/?p=9154"},"modified":"2024-10-29T08:52:17","modified_gmt":"2024-10-29T11:52:17","slug":"video-impensado-el-coquismo-recibio-a-gustavo-con-los-brazos-abiertos","status":"publish","type":"post","link":"https:\/\/hdpnoticias.com.ar\/?p=9154","title":{"rendered":"VIDEO | Impensado: el coquismo recibi\u00f3 a Gustavo con los brazos abiertos"},"content":{"rendered":"\n<figure class=\"wp-block-image size-full\"><img loading=\"lazy\" decoding=\"async\" width=\"720\" height=\"90\" src=\"http:\/\/hdpnoticias.com.ar\/wp-content\/uploads\/2024\/05\/Copy-of-720x90-1.gif\" alt=\"\" class=\"wp-image-6806\"\/><\/figure>\n\n\n\n<p>La noche de este lunes tuvo lugar en Resistencia el primer acto de campa\u00f1a de Primero la Patria, la lista encabezada por la expresidente Cristina Fern\u00e1ndez como candidata a presidente del Consejo Nacional del Partido Justicialista.<\/p>\n\n\n\n<p>Candidatos dirigentes y militantes se dieron cita para dar el puntapi\u00e9 inicial de la campa\u00f1a hacia las elecciones del pr\u00f3ximo 17 de noviembre.<\/p>\n\n\n\n<p>La nota de la noche fue el reencuentro los referentes m\u00e1s visibles del kirchnerismo en el Chaco: los senadores Antonio Rodas y Mar\u00eda In\u00e9s Pilatti Vergara, y el diputado Rodrigo Ocampo, todos seguidores del exgobernador y titular partidario provincial Jorge Capitanich, con el exintendente de Resistencia: Gustavo Mart\u00ednez, l\u00edder de la Corriente de Expresi\u00f3n Renovada.<\/p>\n\n\n\n<p>La llegada de Gustavo fue el momento de mayor algarab\u00eda, celebrado y ovacionado por los asistentes. Una recepci\u00f3n que se complet\u00f3 con los efusivos abrazos de los legisladores.<\/p>\n\n\n\n<p>Hace apenas unos d\u00edas esta mesa era absolutamente impensada, ya que el dirigente capitalino fue tachado por estos mismos compa\u00f1eros de traidor del PJ por haber presentado su propia propuesta electoral en 2023, postul\u00e1ndose como candidato a gobernador, y el propio Capitanich lo culpa insistentemente de haber contribuido a su derrota. Y recientemente a\u00f1adieron el mote de \u201coportunista\u201d por considerar que Cristina era la indicada para presidir el PJ nacional. Ahora integra la lista de la expresidente y se puso al frente de la campa\u00f1a.<\/p>\n\n\n\n<iframe loading=\"lazy\" src=\"https:\/\/www.facebook.com\/plugins\/video.php?height=476&#038;href=https%3A%2F%2Fwww.facebook.com%2Fhdpchaco%2Fvideos%2F1564415254267640%2F&#038;show_text=false&#038;width=267&#038;t=0\" width=\"267\" height=\"476\" style=\"border:none;overflow:hidden\" scrolling=\"no\" frameborder=\"0\" allowfullscreen=\"true\" allow=\"autoplay; clipboard-write; encrypted-media; picture-in-picture; web-share\" allowFullScreen=\"true\"><\/iframe>\n","protected":false},"excerpt":{"rendered":"<p>La noche de este lunes tuvo lugar en Resistencia el primer acto de campa\u00f1a de Primero la Patria, la lista encabezada por la expresidente Cristina Fern\u00e1ndez como candidata a presidente del Consejo Nacional del Partido Justicialista. Candidatos dirigentes y militantes se dieron cita para dar el puntapi\u00e9 inicial de la campa\u00f1a hacia las elecciones del [&hellip;]<\/p>\n","protected":false},"author":1,"featured_media":9155,"comment_status":"open","ping_status":"open","sticky":false,"template":"","format":"standard","meta":{"footnotes":""},"categories":[27],"tags":[],"class_list":["post-9154","post","type-post","status-publish","format-standard","has-post-thumbnail","hentry","category-politica"],"_links":{"self":[{"href":"https:\/\/hdpnoticias.com.ar\/index.php?rest_route=\/wp\/v2\/posts\/9154","targetHints":{"allow":["GET"]}}],"collection":[{"href":"https:\/\/hdpnoticias.com.ar\/index.php?rest_route=\/wp\/v2\/posts"}],"about":[{"href":"https:\/\/hdpnoticias.com.ar\/index.php?rest_route=\/wp\/v2\/types\/post"}],"author":[{"embeddable":true,"href":"https:\/\/hdpnoticias.com.ar\/index.php?rest_route=\/wp\/v2\/users\/1"}],"replies":[{"embeddable":true,"href":"https:\/\/hdpnoticias.com.ar\/index.php?rest_route=%2Fwp%2Fv2%2Fcomments&post=9154"}],"version-history":[{"count":1,"href":"https:\/\/hdpnoticias.com.ar\/index.php?rest_route=\/wp\/v2\/posts\/9154\/revisions"}],"predecessor-version":[{"id":9156,"href":"https:\/\/hdpnoticias.com.ar\/index.php?rest_route=\/wp\/v2\/posts\/9154\/revisions\/9156"}],"wp:featuredmedia":[{"embeddable":true,"href":"https:\/\/hdpnoticias.com.ar\/index.php?rest_route=\/wp\/v2\/media\/9155"}],"wp:attachment":[{"href":"https:\/\/hdpnoticias.com.ar\/index.php?rest_route=%2Fwp%2Fv2%2Fmedia&parent=9154"}],"wp:term":[{"taxonomy":"category","embeddable":true,"href":"https:\/\/hdpnoticias.com.ar\/index.php?rest_route=%2Fwp%2Fv2%2Fcategories&post=9154"},{"taxonomy":"post_tag","embeddable":true,"href":"https:\/\/hdpnoticias.com.ar\/index.php?rest_route=%2Fwp%2Fv2%2Ftags&post=9154"}],"curies":[{"name":"wp","href":"https:\/\/api.w.org\/{rel}","templated":true}]}}