{"id":9137,"date":"2024-10-27T22:31:58","date_gmt":"2024-10-28T01:31:58","guid":{"rendered":"https:\/\/hdpnoticias.com.ar\/?p=9137"},"modified":"2024-11-07T10:18:44","modified_gmt":"2024-11-07T13:18:44","slug":"el-pj-rechazo-la-lista-de-quintela-quieren-ganar-en-una-oficina-dijo-el-gobernador","status":"publish","type":"post","link":"https:\/\/hdpnoticias.com.ar\/?p=9137","title":{"rendered":"El PJ rechaz\u00f3 la lista de Quintela: Quieren ganar en una oficina, dijo el gobernador"},"content":{"rendered":"\n<figure class=\"wp-block-image size-full\"><img loading=\"lazy\" decoding=\"async\" width=\"728\" height=\"90\" src=\"http:\/\/hdpnoticias.com.ar\/wp-content\/uploads\/2024\/05\/Nachec.gif\" alt=\"\" class=\"wp-image-6814\"\/><\/figure>\n\n\n\n<p>La Junta Electoral del Partido Justicialista excluy\u00f3 a la lista \u201cFederales, un grito de coraz\u00f3n\u201d, que lidera el gobernador Ricardo Quintela, de las elecciones internas del pr\u00f3ximo 17 de noviembre.<\/p>\n\n\n\n<p>Seg\u00fan la resoluci\u00f3n, la lista no alcanz\u00f3 el aval m\u00ednimo del 2% del total del padr\u00f3n de afiliados habilitados para votar en cada provincia, y present\u00f3 irregularidades en la distribuci\u00f3n federal de esos avales.<\/p>\n\n\n\n<p>Los apoderados de \u201cFederales\u201d argumentaron que la Junta hab\u00eda favorecido a la lista opositora y que los plazos y tr\u00e1mites deb\u00edan suspenderse. El \u00f3rgano rechaz\u00f3 las acusaciones de parcialidad y ratific\u00f3 que los avales presentados eran insuficientes y conten\u00edan inconsistencias que afectan su validez.<\/p>\n\n\n\n<p>As\u00ed, ratific\u00f3 el proceso electoral con la participaci\u00f3n de la \u00fanica lista oficializada, \u201cPrimero la Patria\u201d, que lleva a Cristina Fern\u00e1ndez como candidata a la presidencia del PJ nacional.<\/p>\n\n\n\n<p>El gobernador Quintela planea acudir a la Justicia Electoral para apelar la decisi\u00f3n de la Junta partidaria, algo que tendr\u00e1 que hacer este mismo lunes. Mientras, dijo que \u201cla lista de Cristina no quiere ir a elecciones y busca ganar en las oficinas\u201d.<\/p>\n","protected":false},"excerpt":{"rendered":"<p>La Junta Electoral del Partido Justicialista excluy\u00f3 a la lista \u201cFederales, un grito de coraz\u00f3n\u201d, que lidera el gobernador Ricardo Quintela, de las elecciones internas del pr\u00f3ximo 17 de noviembre. Seg\u00fan la resoluci\u00f3n, la lista no alcanz\u00f3 el aval m\u00ednimo del 2% del total del padr\u00f3n de afiliados habilitados para votar en cada provincia, y [&hellip;]<\/p>\n","protected":false},"author":1,"featured_media":9138,"comment_status":"open","ping_status":"open","sticky":false,"template":"","format":"standard","meta":{"footnotes":""},"categories":[27],"tags":[],"class_list":["post-9137","post","type-post","status-publish","format-standard","has-post-thumbnail","hentry","category-politica"],"_links":{"self":[{"href":"https:\/\/hdpnoticias.com.ar\/index.php?rest_route=\/wp\/v2\/posts\/9137","targetHints":{"allow":["GET"]}}],"collection":[{"href":"https:\/\/hdpnoticias.com.ar\/index.php?rest_route=\/wp\/v2\/posts"}],"about":[{"href":"https:\/\/hdpnoticias.com.ar\/index.php?rest_route=\/wp\/v2\/types\/post"}],"author":[{"embeddable":true,"href":"https:\/\/hdpnoticias.com.ar\/index.php?rest_route=\/wp\/v2\/users\/1"}],"replies":[{"embeddable":true,"href":"https:\/\/hdpnoticias.com.ar\/index.php?rest_route=%2Fwp%2Fv2%2Fcomments&post=9137"}],"version-history":[{"count":1,"href":"https:\/\/hdpnoticias.com.ar\/index.php?rest_route=\/wp\/v2\/posts\/9137\/revisions"}],"predecessor-version":[{"id":9139,"href":"https:\/\/hdpnoticias.com.ar\/index.php?rest_route=\/wp\/v2\/posts\/9137\/revisions\/9139"}],"wp:featuredmedia":[{"embeddable":true,"href":"https:\/\/hdpnoticias.com.ar\/index.php?rest_route=\/wp\/v2\/media\/9138"}],"wp:attachment":[{"href":"https:\/\/hdpnoticias.com.ar\/index.php?rest_route=%2Fwp%2Fv2%2Fmedia&parent=9137"}],"wp:term":[{"taxonomy":"category","embeddable":true,"href":"https:\/\/hdpnoticias.com.ar\/index.php?rest_route=%2Fwp%2Fv2%2Fcategories&post=9137"},{"taxonomy":"post_tag","embeddable":true,"href":"https:\/\/hdpnoticias.com.ar\/index.php?rest_route=%2Fwp%2Fv2%2Ftags&post=9137"}],"curies":[{"name":"wp","href":"https:\/\/api.w.org\/{rel}","templated":true}]}}