{"id":9110,"date":"2024-10-25T17:42:42","date_gmt":"2024-10-25T20:42:42","guid":{"rendered":"https:\/\/hdpnoticias.com.ar\/?p=9110"},"modified":"2024-10-25T17:42:43","modified_gmt":"2024-10-25T20:42:43","slug":"gomez-capitanich-todavia-no-digiere-la-derrota-electoral-frente-a-zdero","status":"publish","type":"post","link":"https:\/\/hdpnoticias.com.ar\/?p=9110","title":{"rendered":"G\u00f3mez: Capitanich todav\u00eda no digiere la derrota electoral frente a Zdero"},"content":{"rendered":"\n<figure class=\"wp-block-image size-full\"><img loading=\"lazy\" decoding=\"async\" width=\"720\" height=\"90\" src=\"http:\/\/hdpnoticias.com.ar\/wp-content\/uploads\/2024\/05\/Copy-of-720x90-1.gif\" alt=\"\" class=\"wp-image-6806\"\/><\/figure>\n\n\n\n<p>El ministro de Gobierno, Justicia, Trabajo y Derechos Humanos: Jorge G\u00f3mez, defini\u00f3 como \u201cuna falta de respeto a las instituciones\u201d las expresiones del exgobernador Jorge Capitanich acusando al gobernador Leandro Zdero de orquestar una operaci\u00f3n judicial para perseguir a funcionarios de la gesti\u00f3n anterior.<\/p>\n\n\n\n<p>Para Capitanich, todas las causas por corrupci\u00f3n iniciadas contra sus exfuncionarios son armadas a partir de falsas imputaciones orquestadas por el Poder Ejecutivo provincial.<\/p>\n\n\n\n<p>\u201cEs una barbaridad. Uno no puede atacar a las instituciones cada vez que la Justicia dicta una resoluci\u00f3n que no le gusta\u201d, dijo el ministro, y consider\u00f3 que \u201ceso no habla de una persona democr\u00e1tica, sino todo lo contrario\u201d.<\/p>\n\n\n\n<p>\u201cCreo que Capitanich todav\u00eda no digiere haber perdido las elecciones con Zdero\u201d, dijo, intentando dilucidar qu\u00e9 motiv\u00f3 la declaraci\u00f3n del exgobernador..<\/p>\n\n\n\n<p>Para \u00e9l, no es Zdero, sino justamente Capitanich quien presiona a la Justicia con sus dichos, a quien describi\u00f3 como \u201cuna persona poderosa\u201d por haber sido 3 veces gobernador, senador, jefe de Gabinete de la Naci\u00f3n, que en alguna oportunidad estuvo a poco de presidir el PJ nacional, y ahora es \u201cfuncionario de la Provincia de Buenos Aires\u201d. Con ese perfil, entiende que busca amedrentar a Griffith Barreto, fiscal de Investigaci\u00f3n Penal en la denominada Causa Iafep, en la que est\u00e1n imputados con prisi\u00f3n preventiva el extitular del organismo: Mauricio Andi\u00f3n, y su mano derecha: la arquitecta Mar\u00eda Laura Moreno.<\/p>\n\n\n\n<p>Pero confi\u00f3 en la solvencia de la fiscal: \u201cNo creo que este tipo de presiones incidan en su proceder\u201d.<\/p>\n\n\n\n<p>\u201cCapitanich acus\u00f3 a Zdero de populista y autoritario. \u00bfLe parece que el gobernador que sac\u00f3 a los piqueteros de la calle es populista? Tampoco lo vi despotricar contra la prensa ni romper un diario. Seguramente la gente tambi\u00e9n har\u00e1 memoria y responder\u00e1 en las urnas\u201d, remat\u00f3.<\/p>\n","protected":false},"excerpt":{"rendered":"<p>El ministro de Gobierno, Justicia, Trabajo y Derechos Humanos: Jorge G\u00f3mez, defini\u00f3 como \u201cuna falta de respeto a las instituciones\u201d las expresiones del exgobernador Jorge Capitanich acusando al gobernador Leandro Zdero de orquestar una operaci\u00f3n judicial para perseguir a funcionarios de la gesti\u00f3n anterior. Para Capitanich, todas las causas por corrupci\u00f3n iniciadas contra sus exfuncionarios [&hellip;]<\/p>\n","protected":false},"author":1,"featured_media":9111,"comment_status":"open","ping_status":"open","sticky":false,"template":"","format":"standard","meta":{"footnotes":""},"categories":[27],"tags":[],"class_list":["post-9110","post","type-post","status-publish","format-standard","has-post-thumbnail","hentry","category-politica"],"_links":{"self":[{"href":"https:\/\/hdpnoticias.com.ar\/index.php?rest_route=\/wp\/v2\/posts\/9110","targetHints":{"allow":["GET"]}}],"collection":[{"href":"https:\/\/hdpnoticias.com.ar\/index.php?rest_route=\/wp\/v2\/posts"}],"about":[{"href":"https:\/\/hdpnoticias.com.ar\/index.php?rest_route=\/wp\/v2\/types\/post"}],"author":[{"embeddable":true,"href":"https:\/\/hdpnoticias.com.ar\/index.php?rest_route=\/wp\/v2\/users\/1"}],"replies":[{"embeddable":true,"href":"https:\/\/hdpnoticias.com.ar\/index.php?rest_route=%2Fwp%2Fv2%2Fcomments&post=9110"}],"version-history":[{"count":1,"href":"https:\/\/hdpnoticias.com.ar\/index.php?rest_route=\/wp\/v2\/posts\/9110\/revisions"}],"predecessor-version":[{"id":9112,"href":"https:\/\/hdpnoticias.com.ar\/index.php?rest_route=\/wp\/v2\/posts\/9110\/revisions\/9112"}],"wp:featuredmedia":[{"embeddable":true,"href":"https:\/\/hdpnoticias.com.ar\/index.php?rest_route=\/wp\/v2\/media\/9111"}],"wp:attachment":[{"href":"https:\/\/hdpnoticias.com.ar\/index.php?rest_route=%2Fwp%2Fv2%2Fmedia&parent=9110"}],"wp:term":[{"taxonomy":"category","embeddable":true,"href":"https:\/\/hdpnoticias.com.ar\/index.php?rest_route=%2Fwp%2Fv2%2Fcategories&post=9110"},{"taxonomy":"post_tag","embeddable":true,"href":"https:\/\/hdpnoticias.com.ar\/index.php?rest_route=%2Fwp%2Fv2%2Ftags&post=9110"}],"curies":[{"name":"wp","href":"https:\/\/api.w.org\/{rel}","templated":true}]}}