{"id":9102,"date":"2024-10-24T22:15:19","date_gmt":"2024-10-25T01:15:19","guid":{"rendered":"https:\/\/hdpnoticias.com.ar\/?p=9102"},"modified":"2024-11-07T10:06:10","modified_gmt":"2024-11-07T13:06:10","slug":"sabadini-se-aferra-a-la-causa-tito-lopez-de-aca-me-sacan-en-camilla","status":"publish","type":"post","link":"https:\/\/hdpnoticias.com.ar\/?p=9102","title":{"rendered":"Sabadini se aferra a la Causa Tito L\u00f3pez: De ac\u00e1 me sacan en camilla"},"content":{"rendered":"\n<figure class=\"wp-block-image size-full\"><img loading=\"lazy\" decoding=\"async\" width=\"720\" height=\"90\" src=\"http:\/\/hdpnoticias.com.ar\/wp-content\/uploads\/2024\/05\/Obras-Publicas.gif\" alt=\"\" class=\"wp-image-6818\"\/><\/figure>\n\n\n\n<p>El fiscal federal Patricio Sabadini volvi\u00f3 a rechazar otra resoluci\u00f3n judicial, esta vez de la C\u00e1mara de Apelaciones de Resistencia, para apartarlo de la Causa Tito L\u00f3pez, que tiene al dirigente piquetero, a su esposa Librada Romero y a sus hijos Daniel, David y Walter, de lavado de dinero.<\/p>\n\n\n\n<p>Para \u00e9l, en l\u00ednea con lo que dictamin\u00f3 el fiscal general Federico Carniel, el juez Ricardo Mi\u00e1novich primero, y ahora la C\u00e1mara, se extralimitaron al pretender separar al fiscal, una potestad que entienden que s\u00f3lo tiene la Procuraci\u00f3n General. Por esto, decidieron plantear su postura ante la C\u00e1mara de Casaci\u00f3n.<\/p>\n\n\n\n<p>\u201cLa C\u00e1mara, imprudentemente, manifiesta que yo soy la fuente de los periodistas. Al igual que el juez, hace suya las palabras de la defensa, y terminan firmando la misma paparruchada\u201d, dijo, entrevistado en Somos Uno y La Radio, e insisti\u00f3: \u201cSigui\u00f3 el croquis de la cuesti\u00f3n period\u00edstica, algo que infiri\u00f3 el juez, atribuy\u00e9ndome filtrar informaci\u00f3n de los allanamientos\u201d.<\/p>\n\n\n\n<p>Sabadini asevera que ni Mi\u00e1novich ni la C\u00e1mara introducen cuestiones jur\u00eddicas de car\u00e1cter constitucional en sus resoluciones, por lo que espera que \u201cCasaci\u00f3n o la Corte Suprema lo hagan, porque es necesario confirmar cu\u00e1l es el rol del fiscal en el proceso, porque parece que muchos no entienden\u201d.<\/p>\n\n\n\n<p>Al final, cree que terminar\u00e1n asign\u00e1ndole la raz\u00f3n, pero remarc\u00f3 que hasta tanto no haya una sentencia firme al respecto, seguir\u00e1 actuando en la causa, y asegur\u00f3 que estas idas y vueltas no hacen mella en su vocaci\u00f3n de investigar al Clan L\u00f3pez: \u201cDe ac\u00e1 me van a sacar en camilla\u201d, remat\u00f3.<\/p>\n\n\n\n<p><strong>Otro apartamiento<\/strong><\/p>\n\n\n\n<p>El \u00faltimo martes la jueza federal 2 de Formosa: Mar\u00eda Bel\u00e9n L\u00f3pez Cas\u00e9, consinti\u00f3 un planteo del secretario penal del Juzgado Federal 2 de Resistencia: Fernando Pastore, que requiri\u00f3 apartar a Sabadini de la Causa Tito L\u00f3pez, acus\u00e1ndolo de tener animosidad hacia su persona.<\/p>\n\n\n\n<p>Esta medida tambi\u00e9n ser\u00e1 apelada por Sabadini. Adem\u00e1s de los argumentos id\u00e9nticos a los del apartamiento por pedido de la defensa de Tito L\u00f3pez, observ\u00f3 con suspicacia el criterio de la jueza, que subroga el Juzgado Federal de Presidencia Roque S\u00e1enz Pe\u00f1a, y est\u00e1 siendo investigada por \u00e9l en una causa por denuncias de violencia laboral.<\/p>\n\n\n\n<p><strong>Niremperger a favor<\/strong><\/p>\n\n\n\n<p>Paralelamente, la jueza federal 1, de Resistencia: Zunilda Niremperger, rechaz\u00f3 la denuncia presentada por el piquetero Tito L\u00f3pez contra el fiscal Sabadini por entender que las supuestas \u201cconductas indebidas\u201d apuntadas no configuran tipo penal alguno, por lo que no ameritan investigaci\u00f3n.<\/p>\n","protected":false},"excerpt":{"rendered":"<p>El fiscal federal Patricio Sabadini volvi\u00f3 a rechazar otra resoluci\u00f3n judicial, esta vez de la C\u00e1mara de Apelaciones de Resistencia, para apartarlo de la Causa Tito L\u00f3pez, que tiene al dirigente piquetero, a su esposa Librada Romero y a sus hijos Daniel, David y Walter, de lavado de dinero. Para \u00e9l, en l\u00ednea con lo [&hellip;]<\/p>\n","protected":false},"author":1,"featured_media":9103,"comment_status":"open","ping_status":"open","sticky":false,"template":"","format":"standard","meta":{"footnotes":""},"categories":[6,27],"tags":[],"class_list":["post-9102","post","type-post","status-publish","format-standard","has-post-thumbnail","hentry","category-info-general","category-politica"],"_links":{"self":[{"href":"https:\/\/hdpnoticias.com.ar\/index.php?rest_route=\/wp\/v2\/posts\/9102","targetHints":{"allow":["GET"]}}],"collection":[{"href":"https:\/\/hdpnoticias.com.ar\/index.php?rest_route=\/wp\/v2\/posts"}],"about":[{"href":"https:\/\/hdpnoticias.com.ar\/index.php?rest_route=\/wp\/v2\/types\/post"}],"author":[{"embeddable":true,"href":"https:\/\/hdpnoticias.com.ar\/index.php?rest_route=\/wp\/v2\/users\/1"}],"replies":[{"embeddable":true,"href":"https:\/\/hdpnoticias.com.ar\/index.php?rest_route=%2Fwp%2Fv2%2Fcomments&post=9102"}],"version-history":[{"count":2,"href":"https:\/\/hdpnoticias.com.ar\/index.php?rest_route=\/wp\/v2\/posts\/9102\/revisions"}],"predecessor-version":[{"id":9105,"href":"https:\/\/hdpnoticias.com.ar\/index.php?rest_route=\/wp\/v2\/posts\/9102\/revisions\/9105"}],"wp:featuredmedia":[{"embeddable":true,"href":"https:\/\/hdpnoticias.com.ar\/index.php?rest_route=\/wp\/v2\/media\/9103"}],"wp:attachment":[{"href":"https:\/\/hdpnoticias.com.ar\/index.php?rest_route=%2Fwp%2Fv2%2Fmedia&parent=9102"}],"wp:term":[{"taxonomy":"category","embeddable":true,"href":"https:\/\/hdpnoticias.com.ar\/index.php?rest_route=%2Fwp%2Fv2%2Fcategories&post=9102"},{"taxonomy":"post_tag","embeddable":true,"href":"https:\/\/hdpnoticias.com.ar\/index.php?rest_route=%2Fwp%2Fv2%2Ftags&post=9102"}],"curies":[{"name":"wp","href":"https:\/\/api.w.org\/{rel}","templated":true}]}}