{"id":9070,"date":"2024-10-23T06:06:02","date_gmt":"2024-10-23T09:06:02","guid":{"rendered":"https:\/\/hdpnoticias.com.ar\/?p=9070"},"modified":"2024-10-23T07:06:47","modified_gmt":"2024-10-23T10:06:47","slug":"apriete-guinter-capitanich-me-llamo-mas-malo-que-chivo-atado-de-las-bolas","status":"publish","type":"post","link":"https:\/\/hdpnoticias.com.ar\/?p=9070","title":{"rendered":"Apriete a Guinter: Capitanich me llam\u00f3 m\u00e1s malo que chivo atado de las bolas"},"content":{"rendered":"\n<figure class=\"wp-block-image size-full\"><img loading=\"lazy\" decoding=\"async\" width=\"728\" height=\"90\" src=\"http:\/\/hdpnoticias.com.ar\/wp-content\/uploads\/2024\/05\/Nachec.gif\" alt=\"\" class=\"wp-image-6814\"\/><\/figure>\n\n\n\n<p>El periodista Antonio \u201cTonino\u201d Guinter, intercambiaba opiniones sobre libertad de expresi\u00f3n y la relaci\u00f3n del Gobierno provincial con los medios de comunicaci\u00f3n, con su colega Bruno Mart\u00ednez, uno de los referentes de la Asociaci\u00f3n de medios que reclama contratos de pauta publicitaria oficial, paralelamente a un detalle de c\u00f3mo se administran los fondos de ese aspecto de la gesti\u00f3n.<\/p>\n\n\n\n<p>En ese marco, en el que acusaban al gobernador Leandro Zdero de condicionar la libertad de exprsi\u00f3n, Guinter sorprendi\u00f3 narrando una an\u00e9cdota sobre la cuesti\u00f3n pero protagonizada por el exgobernador Jorge Capitanich que durante su primer se molest\u00f3 por una publicaci\u00f3n de su medio:<\/p>\n\n\n\n<p>\u201cNosotros descubrimos algunas cosas de Sue\u00f1os Compartidos, y me llam\u00f3 Capitanich. Estaba m\u00e1s enojado que chivo atado de las bolas\u201d, grafic\u00f3, y sigui\u00f3: \u201cMe quiso putear y le par\u00e9 el carro: par\u00e1 un cachito, acordate qui\u00e9n sos vos y qui\u00e9n soy yo\u201d.<\/p>\n\n\n\n<p>En el mismo tono record\u00f3 que antes ya hab\u00eda llamado a la productora M\u00f3nica Espinosa, tambi\u00e9n con la intenci\u00f3n de reprocharle lo publicado. \u00c9sta agreg\u00f3 que \u201cestaba muy enojado\u201d y tuvieron \u201cuna discusi\u00f3n fuerte\u201d. \u201cPero nunca nos cort\u00f3 la pauta, lo \u00fanico que me dijo fue: otro d\u00eda, antes de publicar nada, llamame\u201d, dijo Espinosa, que opin\u00f3 que \u201ceso es lo que corresponde a un verdadero dem\u00f3crata\u201d.<\/p>\n\n\n\n<p>Despu\u00e9s de eso recobraron los buenos t\u00e9rminos, ya que, seg\u00fan cont\u00f3 el periodista, termin\u00f3 &#8220;pidiendo el voto para Capitanich&#8221;.<\/p>\n\n\n\n<p>Guinter lament\u00f3 no contar hoy con un contrato de pauta publicitaria oficial por primera vez en casi 40 a\u00f1os, en los que se relacion\u00f3 profesionalmente con todos los gobiernos desde la vuelta de la democracia.<\/p>\n\n\n\n<p>\u201cAhora nos dieron 3 meses: febrero, marzo y abril, y no nos dieron m\u00e1s. Y todav\u00eda nos deben un mes\u201d, se quej\u00f3 la productora.<\/p>\n","protected":false},"excerpt":{"rendered":"<p>El periodista Antonio \u201cTonino\u201d Guinter, intercambiaba opiniones sobre libertad de expresi\u00f3n y la relaci\u00f3n del Gobierno provincial con los medios de comunicaci\u00f3n, con su colega Bruno Mart\u00ednez, uno de los referentes de la Asociaci\u00f3n de medios que reclama contratos de pauta publicitaria oficial, paralelamente a un detalle de c\u00f3mo se administran los fondos de ese [&hellip;]<\/p>\n","protected":false},"author":1,"featured_media":9071,"comment_status":"open","ping_status":"open","sticky":false,"template":"","format":"standard","meta":{"footnotes":""},"categories":[27],"tags":[],"class_list":["post-9070","post","type-post","status-publish","format-standard","has-post-thumbnail","hentry","category-politica"],"_links":{"self":[{"href":"https:\/\/hdpnoticias.com.ar\/index.php?rest_route=\/wp\/v2\/posts\/9070","targetHints":{"allow":["GET"]}}],"collection":[{"href":"https:\/\/hdpnoticias.com.ar\/index.php?rest_route=\/wp\/v2\/posts"}],"about":[{"href":"https:\/\/hdpnoticias.com.ar\/index.php?rest_route=\/wp\/v2\/types\/post"}],"author":[{"embeddable":true,"href":"https:\/\/hdpnoticias.com.ar\/index.php?rest_route=\/wp\/v2\/users\/1"}],"replies":[{"embeddable":true,"href":"https:\/\/hdpnoticias.com.ar\/index.php?rest_route=%2Fwp%2Fv2%2Fcomments&post=9070"}],"version-history":[{"count":3,"href":"https:\/\/hdpnoticias.com.ar\/index.php?rest_route=\/wp\/v2\/posts\/9070\/revisions"}],"predecessor-version":[{"id":9075,"href":"https:\/\/hdpnoticias.com.ar\/index.php?rest_route=\/wp\/v2\/posts\/9070\/revisions\/9075"}],"wp:featuredmedia":[{"embeddable":true,"href":"https:\/\/hdpnoticias.com.ar\/index.php?rest_route=\/wp\/v2\/media\/9071"}],"wp:attachment":[{"href":"https:\/\/hdpnoticias.com.ar\/index.php?rest_route=%2Fwp%2Fv2%2Fmedia&parent=9070"}],"wp:term":[{"taxonomy":"category","embeddable":true,"href":"https:\/\/hdpnoticias.com.ar\/index.php?rest_route=%2Fwp%2Fv2%2Fcategories&post=9070"},{"taxonomy":"post_tag","embeddable":true,"href":"https:\/\/hdpnoticias.com.ar\/index.php?rest_route=%2Fwp%2Fv2%2Ftags&post=9070"}],"curies":[{"name":"wp","href":"https:\/\/api.w.org\/{rel}","templated":true}]}}