{"id":9048,"date":"2024-10-21T21:12:43","date_gmt":"2024-10-22T00:12:43","guid":{"rendered":"https:\/\/hdpnoticias.com.ar\/?p=9048"},"modified":"2024-10-21T21:12:44","modified_gmt":"2024-10-22T00:12:44","slug":"exintendente-falcon-a-la-carcel-quedo-firme-la-condena-por-el-abuso-de-sus-hijastras","status":"publish","type":"post","link":"https:\/\/hdpnoticias.com.ar\/?p=9048","title":{"rendered":"Exintendente Falc\u00f3n a la c\u00e1rcel: qued\u00f3 firme la condena por el abuso de sus hijastras"},"content":{"rendered":"\n<figure class=\"wp-block-image size-full\"><img loading=\"lazy\" decoding=\"async\" width=\"720\" height=\"90\" src=\"http:\/\/hdpnoticias.com.ar\/wp-content\/uploads\/2024\/05\/Copy-of-720x90-1.gif\" alt=\"\" class=\"wp-image-6806\"\/><\/figure>\n\n\n\n<p>La C\u00e1mara Segunda en lo Criminal, de Resistencia, dispuso la inmediata detenci\u00f3n del exintendente de Colonia Ben\u00edtez, C\u00e9sar Falc\u00f3n, condenado por el abuso sexual de 2 hijas de su pareja, entre 1994 y 2001, cuando \u00e9stas eran menores de edad.<\/p>\n\n\n\n<p>La defensa apel\u00f3 en todas las instancias posibles y logr\u00f3 que un nuevo tribunal abordara el caso. Y finalmente fue condenado a 7 a\u00f1os de prisi\u00f3n, sentencia que acaba de quedar firme.<\/p>\n\n\n\n<p>Mientras apelaba el fallo condenatorio, Falc\u00f3n volvi\u00f3 a competir por la intendencia de Colonia Ben\u00edtez, y termin\u00f3 en segundo lugar.<\/p>\n","protected":false},"excerpt":{"rendered":"<p>La C\u00e1mara Segunda en lo Criminal, de Resistencia, dispuso la inmediata detenci\u00f3n del exintendente de Colonia Ben\u00edtez, C\u00e9sar Falc\u00f3n, condenado por el abuso sexual de 2 hijas de su pareja, entre 1994 y 2001, cuando \u00e9stas eran menores de edad. La defensa apel\u00f3 en todas las instancias posibles y logr\u00f3 que un nuevo tribunal abordara [&hellip;]<\/p>\n","protected":false},"author":1,"featured_media":9049,"comment_status":"open","ping_status":"open","sticky":false,"template":"","format":"standard","meta":{"footnotes":""},"categories":[26,27],"tags":[],"class_list":["post-9048","post","type-post","status-publish","format-standard","has-post-thumbnail","hentry","category-policiales","category-politica"],"_links":{"self":[{"href":"https:\/\/hdpnoticias.com.ar\/index.php?rest_route=\/wp\/v2\/posts\/9048","targetHints":{"allow":["GET"]}}],"collection":[{"href":"https:\/\/hdpnoticias.com.ar\/index.php?rest_route=\/wp\/v2\/posts"}],"about":[{"href":"https:\/\/hdpnoticias.com.ar\/index.php?rest_route=\/wp\/v2\/types\/post"}],"author":[{"embeddable":true,"href":"https:\/\/hdpnoticias.com.ar\/index.php?rest_route=\/wp\/v2\/users\/1"}],"replies":[{"embeddable":true,"href":"https:\/\/hdpnoticias.com.ar\/index.php?rest_route=%2Fwp%2Fv2%2Fcomments&post=9048"}],"version-history":[{"count":1,"href":"https:\/\/hdpnoticias.com.ar\/index.php?rest_route=\/wp\/v2\/posts\/9048\/revisions"}],"predecessor-version":[{"id":9050,"href":"https:\/\/hdpnoticias.com.ar\/index.php?rest_route=\/wp\/v2\/posts\/9048\/revisions\/9050"}],"wp:featuredmedia":[{"embeddable":true,"href":"https:\/\/hdpnoticias.com.ar\/index.php?rest_route=\/wp\/v2\/media\/9049"}],"wp:attachment":[{"href":"https:\/\/hdpnoticias.com.ar\/index.php?rest_route=%2Fwp%2Fv2%2Fmedia&parent=9048"}],"wp:term":[{"taxonomy":"category","embeddable":true,"href":"https:\/\/hdpnoticias.com.ar\/index.php?rest_route=%2Fwp%2Fv2%2Fcategories&post=9048"},{"taxonomy":"post_tag","embeddable":true,"href":"https:\/\/hdpnoticias.com.ar\/index.php?rest_route=%2Fwp%2Fv2%2Ftags&post=9048"}],"curies":[{"name":"wp","href":"https:\/\/api.w.org\/{rel}","templated":true}]}}