{"id":9033,"date":"2024-10-20T20:58:48","date_gmt":"2024-10-20T23:58:48","guid":{"rendered":"https:\/\/hdpnoticias.com.ar\/?p=9033"},"modified":"2024-10-20T20:58:49","modified_gmt":"2024-10-20T23:58:49","slug":"interna-del-pj-intendentes-chaquenos-enfrentaran-a-cristina-con-quintela-y-magda-a-la-cabeza","status":"publish","type":"post","link":"https:\/\/hdpnoticias.com.ar\/?p=9033","title":{"rendered":"Interna del PJ: intendentes chaque\u00f1os enfrentar\u00e1n a Cristina con Quintela y Magda a la cabeza"},"content":{"rendered":"\n<figure class=\"wp-block-image size-full\"><img loading=\"lazy\" decoding=\"async\" width=\"720\" height=\"90\" src=\"http:\/\/hdpnoticias.com.ar\/wp-content\/uploads\/2024\/05\/Copy-of-720x90-1.gif\" alt=\"\" class=\"wp-image-6806\"\/><\/figure>\n\n\n\n<p>Sobre la hora de cierre del plazo para presentar candidaturas para la elecci\u00f3n interna de autoridades del Partido Justicialista nacional, segu\u00eda especul\u00e1ndose sobre la posibilidad de unidad entre las propuestas de la expresidente Cristina Fern\u00e1ndez y el gobernador de la Rioja: Ricardo Quintela.<\/p>\n\n\n\n<p>Finalmente ambos presentaron sendas listas. Y el gobernador riojano mostr\u00f3 un perfil \u201cfederal\u201d con varios jefes comunales del interior. As\u00ed, la intendente de Barranqueras: Magda Ayala, es candidata a vicepresidente primera.<\/p>\n\n\n\n<p>El armado es el resultado de una serie de reuniones que Quintela mantuvo en los \u00faltimos d\u00edas con dirigentes peronistas de todo el pa\u00eds, entre ellos los intendentes chaque\u00f1os Juan Manuel Garc\u00eda, de Machagai; Miguel Sotelo, de San Bernardo; Rafael Fr\u00edas, de Miraflores; Marcelo Gonz\u00e1lez, de Puerto Vilelas, y Magda Ayala.<\/p>\n\n\n\n<p>Cristina eligi\u00f3 como candidato a vice primero al senador formose\u00f1o Jos\u00e9 Mayans, y no tiene chaque\u00f1os en cargos expectantes. Aparece en uno de los \u00faltimos lugares el senador Antonio Rodas, que el a\u00f1o pasado fue electo intendente de Fontana pero renunci\u00f3 para mantener su banca en el Congreso.<\/p>\n\n\n\n<p>Hoy la exvicegobernadora Anal\u00eda Rach Quiroga ocupa la vicepresidencia tercera, que le fue asignada en la lista consensuada, oportunamente, encabezada por el entonces presidente de la Naci\u00f3n: Alberto Fern\u00e1ndez.<\/p>\n","protected":false},"excerpt":{"rendered":"<p>Sobre la hora de cierre del plazo para presentar candidaturas para la elecci\u00f3n interna de autoridades del Partido Justicialista nacional, segu\u00eda especul\u00e1ndose sobre la posibilidad de unidad entre las propuestas de la expresidente Cristina Fern\u00e1ndez y el gobernador de la Rioja: Ricardo Quintela. Finalmente ambos presentaron sendas listas. Y el gobernador riojano mostr\u00f3 un perfil [&hellip;]<\/p>\n","protected":false},"author":1,"featured_media":9034,"comment_status":"open","ping_status":"open","sticky":false,"template":"","format":"standard","meta":{"footnotes":""},"categories":[27],"tags":[],"class_list":["post-9033","post","type-post","status-publish","format-standard","has-post-thumbnail","hentry","category-politica"],"_links":{"self":[{"href":"https:\/\/hdpnoticias.com.ar\/index.php?rest_route=\/wp\/v2\/posts\/9033","targetHints":{"allow":["GET"]}}],"collection":[{"href":"https:\/\/hdpnoticias.com.ar\/index.php?rest_route=\/wp\/v2\/posts"}],"about":[{"href":"https:\/\/hdpnoticias.com.ar\/index.php?rest_route=\/wp\/v2\/types\/post"}],"author":[{"embeddable":true,"href":"https:\/\/hdpnoticias.com.ar\/index.php?rest_route=\/wp\/v2\/users\/1"}],"replies":[{"embeddable":true,"href":"https:\/\/hdpnoticias.com.ar\/index.php?rest_route=%2Fwp%2Fv2%2Fcomments&post=9033"}],"version-history":[{"count":1,"href":"https:\/\/hdpnoticias.com.ar\/index.php?rest_route=\/wp\/v2\/posts\/9033\/revisions"}],"predecessor-version":[{"id":9035,"href":"https:\/\/hdpnoticias.com.ar\/index.php?rest_route=\/wp\/v2\/posts\/9033\/revisions\/9035"}],"wp:featuredmedia":[{"embeddable":true,"href":"https:\/\/hdpnoticias.com.ar\/index.php?rest_route=\/wp\/v2\/media\/9034"}],"wp:attachment":[{"href":"https:\/\/hdpnoticias.com.ar\/index.php?rest_route=%2Fwp%2Fv2%2Fmedia&parent=9033"}],"wp:term":[{"taxonomy":"category","embeddable":true,"href":"https:\/\/hdpnoticias.com.ar\/index.php?rest_route=%2Fwp%2Fv2%2Fcategories&post=9033"},{"taxonomy":"post_tag","embeddable":true,"href":"https:\/\/hdpnoticias.com.ar\/index.php?rest_route=%2Fwp%2Fv2%2Ftags&post=9033"}],"curies":[{"name":"wp","href":"https:\/\/api.w.org\/{rel}","templated":true}]}}