{"id":9028,"date":"2024-10-20T06:50:46","date_gmt":"2024-10-20T09:50:46","guid":{"rendered":"https:\/\/hdpnoticias.com.ar\/?p=9028"},"modified":"2024-10-20T06:50:48","modified_gmt":"2024-10-20T09:50:48","slug":"leiva-no-quiere-a-gustavo-en-la-interna-peronista-que-diga-me-equivoque-y-pida-perdon","status":"publish","type":"post","link":"https:\/\/hdpnoticias.com.ar\/?p=9028","title":{"rendered":"Leiva no quiere a Gustavo en la interna peronista: Que diga me equivoqu\u00e9 y pida perd\u00f3n"},"content":{"rendered":"\n<figure class=\"wp-block-image size-full\"><img loading=\"lazy\" decoding=\"async\" width=\"728\" height=\"90\" src=\"http:\/\/hdpnoticias.com.ar\/wp-content\/uploads\/2024\/05\/Nachec.gif\" alt=\"\" class=\"wp-image-6814\"\/><\/figure>\n\n\n\n<p>\u201cLos que se fueron no pueden venir a decirnos ahora qu\u00e9 hay que hacer en el Partido Justicialista\u201d, dijo el diputado nacional Aldo Leiva, varias veces intendente de General San Mart\u00edn, en obvia alusi\u00f3n al exintendente de Resistencia: Gustavo Mart\u00ednez, que adhiri\u00f3 a la postulaci\u00f3n de Cristina Fern\u00e1ndez como jefa del PJ nacional, antes de que el Consejo Provincial avalara la candidatura del gobernador riojano Ricardo Quintela para ese cargo.<\/p>\n\n\n\n<p>Para Leiva, \u201cno hay que asustarse por las internas\u201d que se presentan a nivel nacional. \u201cYo soy un impulsor de las internas. Fui el \u00faltimo presidente del Partido Justicialista del Chaco surgido de elecciones internas\u201d, dijo, recordando su rol hasta ceder el cargo en favor de Jorge Capitanich despu\u00e9s de ser elegido gobernador en 2007.<\/p>\n\n\n\n<p>\u201cSeguramente el a\u00f1o que viene todos los que se quieren presentar lo har\u00e1n. Pero Gustavo Mart\u00ednez tiene que hacer las internas en su partido, \u00e9l ya no tiene nada que ver con el Justicialismo\u201d, dijo, entrevistado por Roberto Espinoza en Radio Independencia, encuadr\u00e1ndolo en la Corriente de Expresi\u00f3n Renovada, obviando que \u00e9ste conserva a\u00fan su status de afiliado del PJ.<\/p>\n\n\n\n<p>Pero, a pesar de desconocerlo como partidario, Leiva cree que Mart\u00ednez \u201cvenga y diga: compa\u00f1eras y compa\u00f1eros, me equivoqu\u00e9 y pido perd\u00f3n\u201d, responsabiliz\u00e1ndolo por la derrota de Capitanich frente a Leandro Zdero en las elecciones de 2023.<\/p>\n\n\n\n<p>Adem\u00e1s, tach\u00f3 a Mart\u00ednez de &#8220;aliado de Zdero&#8221; y apunt\u00f3 a &#8220;sus diputadas, que votan todo lo que pide el Gobierno, olvid\u00e1ndose que llegaron a la C\u00e1mara por el PJ&#8221;. Y, para completar, dijo que &#8220;Gustavo tambi\u00e9n fue intendente por el PJ&#8221;, aunque en 2019 el candidato del frente del PJ y sus aliados, liderado por Capitanich, era Diego Ar\u00e9valo, que termin\u00f3 en tercer lugar.<\/p>\n","protected":false},"excerpt":{"rendered":"<p>\u201cLos que se fueron no pueden venir a decirnos ahora qu\u00e9 hay que hacer en el Partido Justicialista\u201d, dijo el diputado nacional Aldo Leiva, varias veces intendente de General San Mart\u00edn, en obvia alusi\u00f3n al exintendente de Resistencia: Gustavo Mart\u00ednez, que adhiri\u00f3 a la postulaci\u00f3n de Cristina Fern\u00e1ndez como jefa del PJ nacional, antes de [&hellip;]<\/p>\n","protected":false},"author":1,"featured_media":4024,"comment_status":"open","ping_status":"open","sticky":false,"template":"","format":"standard","meta":{"footnotes":""},"categories":[27],"tags":[],"class_list":["post-9028","post","type-post","status-publish","format-standard","has-post-thumbnail","hentry","category-politica"],"_links":{"self":[{"href":"https:\/\/hdpnoticias.com.ar\/index.php?rest_route=\/wp\/v2\/posts\/9028","targetHints":{"allow":["GET"]}}],"collection":[{"href":"https:\/\/hdpnoticias.com.ar\/index.php?rest_route=\/wp\/v2\/posts"}],"about":[{"href":"https:\/\/hdpnoticias.com.ar\/index.php?rest_route=\/wp\/v2\/types\/post"}],"author":[{"embeddable":true,"href":"https:\/\/hdpnoticias.com.ar\/index.php?rest_route=\/wp\/v2\/users\/1"}],"replies":[{"embeddable":true,"href":"https:\/\/hdpnoticias.com.ar\/index.php?rest_route=%2Fwp%2Fv2%2Fcomments&post=9028"}],"version-history":[{"count":1,"href":"https:\/\/hdpnoticias.com.ar\/index.php?rest_route=\/wp\/v2\/posts\/9028\/revisions"}],"predecessor-version":[{"id":9029,"href":"https:\/\/hdpnoticias.com.ar\/index.php?rest_route=\/wp\/v2\/posts\/9028\/revisions\/9029"}],"wp:featuredmedia":[{"embeddable":true,"href":"https:\/\/hdpnoticias.com.ar\/index.php?rest_route=\/wp\/v2\/media\/4024"}],"wp:attachment":[{"href":"https:\/\/hdpnoticias.com.ar\/index.php?rest_route=%2Fwp%2Fv2%2Fmedia&parent=9028"}],"wp:term":[{"taxonomy":"category","embeddable":true,"href":"https:\/\/hdpnoticias.com.ar\/index.php?rest_route=%2Fwp%2Fv2%2Fcategories&post=9028"},{"taxonomy":"post_tag","embeddable":true,"href":"https:\/\/hdpnoticias.com.ar\/index.php?rest_route=%2Fwp%2Fv2%2Ftags&post=9028"}],"curies":[{"name":"wp","href":"https:\/\/api.w.org\/{rel}","templated":true}]}}