{"id":8992,"date":"2024-10-16T21:22:42","date_gmt":"2024-10-17T00:22:42","guid":{"rendered":"https:\/\/hdpnoticias.com.ar\/?p=8992"},"modified":"2024-10-16T21:24:45","modified_gmt":"2024-10-17T00:24:45","slug":"el-pj-del-chaco-se-aleja-de-cristina-y-avala-la-candidatura-de-quintela","status":"publish","type":"post","link":"https:\/\/hdpnoticias.com.ar\/?p=8992","title":{"rendered":"El PJ del Chaco se aleja de Cristina y avala la candidatura de Quintela"},"content":{"rendered":"\n<figure class=\"wp-block-image size-full\"><img loading=\"lazy\" decoding=\"async\" width=\"728\" height=\"90\" src=\"http:\/\/hdpnoticias.com.ar\/wp-content\/uploads\/2024\/05\/Nachec.gif\" alt=\"\" class=\"wp-image-6814\"\/><\/figure>\n\n\n\n<p>El exgobernador Jorge Capitanich, en representaci\u00f3n del Partido Justicialista del Chaco finalmente firm\u00f3 el respaldo al gobernador de La Rioja: Ricardo Quintela, como candidato a presidente del PJ nacional, dejando de lado a la expresidente Cristina Fern\u00e1ndez, la otra aspirante al cargo.<\/p>\n\n\n\n<p>\u201cMe dirijo a ustedes, en mi calidad de Presidente del Partido Justicialista de la provincia de Chaco, para expresar el aval a la candidatura del compa\u00f1ero Ricardo Quintela como candidato a presidente del Partido Justicialista Nacional, quien cumple con los requisitos establecidos seg\u00fan el art\u00edculo 18 del Reglamento Electoral aprobado en 2008\u2033, expres\u00f3 Capitanich en la nota enviada a la Junta Electoral partidaria.<\/p>\n\n\n\n<p>En los \u00faltimos d\u00edas hubo una serie de maniobras de sectores alineados con Cristina que pretendieron divulgar que el PJ chaque\u00f1o abonaba su candidatura, lo que gener\u00f3 la reacci\u00f3n de quienes ven con mejores ojos un recambio dirigencial.<\/p>\n\n\n\n<p>As\u00ed el aval del PJ de Chaco se suma a los que ya confirmaron las autoridades partidarias de San Luis, Salta, Misiones y La Rioja.<\/p>\n\n\n\n<p>La decisi\u00f3n tom\u00f3 por sorpresa a los grupos kirchneristas puros que interpretaban a Capitanich como encolumnado detr\u00e1s de la candidatura de Cristina o de qui\u00e9n ella proponga, a tal punto que expresaron la necesidad de \u201creconstruir\u201d el peronismo con Cristina en la Naci\u00f3n y Capitanich en la provincia.<\/p>\n\n\n\n<p>En el justicialismo admiten que no hay consenso pero que el gobernador Quintela, que visit\u00f3 recientemente la provincia, colect\u00f3 un volumen de adhesiones que dej\u00f3 muy atr\u00e1s a la expresidente, un escenario que Capitanich no pudo soslayar.<\/p>\n\n\n\n<p>La expectativa est\u00e1 puesta ahora en la posibilidad de lograr una lista \u00fanica que impida el choque entre las listas Federalismo y Justicia, de Ricardo Quintela, y \u201cPrimero la Patria\u201d, de Cristina Fern\u00e1ndez.<\/p>\n","protected":false},"excerpt":{"rendered":"<p>El exgobernador Jorge Capitanich, en representaci\u00f3n del Partido Justicialista del Chaco finalmente firm\u00f3 el respaldo al gobernador de La Rioja: Ricardo Quintela, como candidato a presidente del PJ nacional, dejando de lado a la expresidente Cristina Fern\u00e1ndez, la otra aspirante al cargo. \u201cMe dirijo a ustedes, en mi calidad de Presidente del Partido Justicialista de [&hellip;]<\/p>\n","protected":false},"author":1,"featured_media":8993,"comment_status":"open","ping_status":"open","sticky":false,"template":"","format":"standard","meta":{"footnotes":""},"categories":[27],"tags":[],"class_list":["post-8992","post","type-post","status-publish","format-standard","has-post-thumbnail","hentry","category-politica"],"_links":{"self":[{"href":"https:\/\/hdpnoticias.com.ar\/index.php?rest_route=\/wp\/v2\/posts\/8992","targetHints":{"allow":["GET"]}}],"collection":[{"href":"https:\/\/hdpnoticias.com.ar\/index.php?rest_route=\/wp\/v2\/posts"}],"about":[{"href":"https:\/\/hdpnoticias.com.ar\/index.php?rest_route=\/wp\/v2\/types\/post"}],"author":[{"embeddable":true,"href":"https:\/\/hdpnoticias.com.ar\/index.php?rest_route=\/wp\/v2\/users\/1"}],"replies":[{"embeddable":true,"href":"https:\/\/hdpnoticias.com.ar\/index.php?rest_route=%2Fwp%2Fv2%2Fcomments&post=8992"}],"version-history":[{"count":1,"href":"https:\/\/hdpnoticias.com.ar\/index.php?rest_route=\/wp\/v2\/posts\/8992\/revisions"}],"predecessor-version":[{"id":8994,"href":"https:\/\/hdpnoticias.com.ar\/index.php?rest_route=\/wp\/v2\/posts\/8992\/revisions\/8994"}],"wp:featuredmedia":[{"embeddable":true,"href":"https:\/\/hdpnoticias.com.ar\/index.php?rest_route=\/wp\/v2\/media\/8993"}],"wp:attachment":[{"href":"https:\/\/hdpnoticias.com.ar\/index.php?rest_route=%2Fwp%2Fv2%2Fmedia&parent=8992"}],"wp:term":[{"taxonomy":"category","embeddable":true,"href":"https:\/\/hdpnoticias.com.ar\/index.php?rest_route=%2Fwp%2Fv2%2Fcategories&post=8992"},{"taxonomy":"post_tag","embeddable":true,"href":"https:\/\/hdpnoticias.com.ar\/index.php?rest_route=%2Fwp%2Fv2%2Ftags&post=8992"}],"curies":[{"name":"wp","href":"https:\/\/api.w.org\/{rel}","templated":true}]}}