{"id":8983,"date":"2024-10-15T17:26:31","date_gmt":"2024-10-15T20:26:31","guid":{"rendered":"https:\/\/hdpnoticias.com.ar\/?p=8983"},"modified":"2024-11-07T09:37:37","modified_gmt":"2024-11-07T12:37:37","slug":"cuevas-no-hay-paro-docente-porque-el-gobierno-esta-cumpliendo-las-pautas","status":"publish","type":"post","link":"https:\/\/hdpnoticias.com.ar\/?p=8983","title":{"rendered":"Cuevas: No hay paro docente porque el Gobierno est\u00e1 cumpliendo las pautas"},"content":{"rendered":"\n<figure class=\"wp-block-image size-full\"><img loading=\"lazy\" decoding=\"async\" width=\"720\" height=\"90\" src=\"http:\/\/hdpnoticias.com.ar\/wp-content\/uploads\/2024\/05\/Copy-of-720x90-1.gif\" alt=\"\" class=\"wp-image-6806\"\/><\/figure>\n\n\n\n<p>El Superior Tribunal de Justicia del Chaco dict\u00f3 recientemente una sentencia convalidando los descuentos en los salarios de los docentes aplicados en 2021 durante el gobierno de Jorge Capitanich a los docentes que adhirieron a los paros convocados por algunas entidades gremiales.<\/p>\n\n\n\n<p>Lo hizo al rechazar una presentaci\u00f3n de Federaci\u00f3n Sitech y Sitech Castelli que reclamaron la devoluci\u00f3n del dinero descontado y la declaraci\u00f3n de ilegalidad de los descuentos.<\/p>\n\n\n\n<p>Para el STJ, no corresponde abonar salarios por los d\u00edas no trabajados.<\/p>\n\n\n\n<p>\u201cNos dio mucha bronca porque genera un precedente: a partir de ahora cualquier descuento va a ser legalizado\u201d, dijo Carlos Cuevas, secretario general de Utre Ctera, organizaci\u00f3n que integra el Frente Gremial Docente, entrevistado por Juan Diego Turraca en Radio Independencia.<\/p>\n\n\n\n<p>De paso, pidi\u00f3 hacer un \u201cmea culpa\u201d: \u201cLos gremios no pueden pedir a la Justicia que se expida sobre la legalidad de los descuentos sabiendo de antemano la respuesta\u201d, dijo, apuntando a Federaci\u00f3n Sitech y Sitech Castelli. Para \u00e9l, \u201cla Justicia siempre va a fallar a favor de los poderosos, en este caso el Gobierno\u201d. Y repas\u00f3 que el STJ apel\u00f3 a jurisprudencia de la Corte Suprema que durante el gobierno de Carlos Menem sentenci\u00f3 \u201cd\u00eda no trabajado, d\u00eda no pagado\u201d.<\/p>\n\n\n\n<p>Record\u00f3 que este conflicto por los descuentos se inici\u00f3 en 2021, cuando la mayor\u00eda de los gremios \u201cacordamos la cl\u00e1usula gatillo y no hicimos m\u00e1s medidas de fuerza\u201d, pero que las organizaciones que no suscribieron el acuerdo continuaron con los paros y quienes adhirieron sufrieron los descuentos.<\/p>\n\n\n\n<p>Y al describir la actualidad del sector proyect\u00f3 el alcance de aquel acuerdo: \u201cNo estamos en medida de fuerza porque se vienen cumpliendo las pautas\u201d, sintetiz\u00f3, y consider\u00f3 poco conveniente volver al paro y exponer a los docentes a los descuentos: \u201cSiempre es conveniente pensar en el bolsillo de nuestros compa\u00f1eros\u201d.<\/p>\n\n\n\n<p>No obstante, advirti\u00f3: \u201cCuando las convicciones est\u00e1n firmes, y aunque nos cueste el descuento, vamos a salir\u201d, pero aclar\u00f3: \u201cCuando los docentes decidimos salir, salimos, pero no salimos por cualquier cosa, salimos cuando est\u00e1n en riesgo nuestros ingresos, o nuestra fuente de trabajo\u201d.<\/p>\n","protected":false},"excerpt":{"rendered":"<p>El Superior Tribunal de Justicia del Chaco dict\u00f3 recientemente una sentencia convalidando los descuentos en los salarios de los docentes aplicados en 2021 durante el gobierno de Jorge Capitanich a los docentes que adhirieron a los paros convocados por algunas entidades gremiales. Lo hizo al rechazar una presentaci\u00f3n de Federaci\u00f3n Sitech y Sitech Castelli que [&hellip;]<\/p>\n","protected":false},"author":1,"featured_media":8984,"comment_status":"open","ping_status":"open","sticky":false,"template":"","format":"standard","meta":{"footnotes":""},"categories":[6,27],"tags":[],"class_list":["post-8983","post","type-post","status-publish","format-standard","has-post-thumbnail","hentry","category-info-general","category-politica"],"_links":{"self":[{"href":"https:\/\/hdpnoticias.com.ar\/index.php?rest_route=\/wp\/v2\/posts\/8983","targetHints":{"allow":["GET"]}}],"collection":[{"href":"https:\/\/hdpnoticias.com.ar\/index.php?rest_route=\/wp\/v2\/posts"}],"about":[{"href":"https:\/\/hdpnoticias.com.ar\/index.php?rest_route=\/wp\/v2\/types\/post"}],"author":[{"embeddable":true,"href":"https:\/\/hdpnoticias.com.ar\/index.php?rest_route=\/wp\/v2\/users\/1"}],"replies":[{"embeddable":true,"href":"https:\/\/hdpnoticias.com.ar\/index.php?rest_route=%2Fwp%2Fv2%2Fcomments&post=8983"}],"version-history":[{"count":1,"href":"https:\/\/hdpnoticias.com.ar\/index.php?rest_route=\/wp\/v2\/posts\/8983\/revisions"}],"predecessor-version":[{"id":8985,"href":"https:\/\/hdpnoticias.com.ar\/index.php?rest_route=\/wp\/v2\/posts\/8983\/revisions\/8985"}],"wp:featuredmedia":[{"embeddable":true,"href":"https:\/\/hdpnoticias.com.ar\/index.php?rest_route=\/wp\/v2\/media\/8984"}],"wp:attachment":[{"href":"https:\/\/hdpnoticias.com.ar\/index.php?rest_route=%2Fwp%2Fv2%2Fmedia&parent=8983"}],"wp:term":[{"taxonomy":"category","embeddable":true,"href":"https:\/\/hdpnoticias.com.ar\/index.php?rest_route=%2Fwp%2Fv2%2Fcategories&post=8983"},{"taxonomy":"post_tag","embeddable":true,"href":"https:\/\/hdpnoticias.com.ar\/index.php?rest_route=%2Fwp%2Fv2%2Ftags&post=8983"}],"curies":[{"name":"wp","href":"https:\/\/api.w.org\/{rel}","templated":true}]}}