{"id":8943,"date":"2024-10-12T19:34:43","date_gmt":"2024-10-12T22:34:43","guid":{"rendered":"https:\/\/hdpnoticias.com.ar\/?p=8943"},"modified":"2024-10-12T19:36:57","modified_gmt":"2024-10-12T22:36:57","slug":"capitanich-extrana-los-piquetes-los-gremios-y-los-movimientos-no-van-a-protestar","status":"publish","type":"post","link":"https:\/\/hdpnoticias.com.ar\/?p=8943","title":{"rendered":"Capitanich extra\u00f1a los piquetes: \u00bfLos gremios y los movimientos no van a protestar?"},"content":{"rendered":"\n<figure class=\"wp-block-image size-full\"><img loading=\"lazy\" decoding=\"async\" width=\"728\" height=\"90\" src=\"http:\/\/hdpnoticias.com.ar\/wp-content\/uploads\/2024\/05\/Nachec.gif\" alt=\"\" class=\"wp-image-6814\"\/><\/figure>\n\n\n\n<p>El exgobernador Jorge Capitanich volvi\u00f3 a asombrarse c\u00f3mo \u201cde la noche a la ma\u00f1ana\u201d, tras la asunci\u00f3n de Leandro Zdero como gobernador, desaparecieron las protestas sociales y los cortes de calles y rutas que caracterizaron por a\u00f1os a su gesti\u00f3n, tanto que Resistencia se gan\u00f3 en los buscadores el mote de \u201ccapital del piquete\u201d.<\/p>\n\n\n\n<p>Tal es su asombro que en una oportunidad lleg\u00f3 a <strong><a href=\"https:\/\/hdpnoticias.com.ar\/?p=8194\">felicitar a Zdero<\/a><\/strong>.<\/p>\n\n\n\n<p>Ahora volvi\u00f3 sobre el tema con una duda: por qu\u00e9 desaparecieron los piquetes.<\/p>\n\n\n\n<p>Comparando, dijo que, al margen de sus cr\u00edticas a los m\u00e9todos con los que el Indec releva la pobreza y la indigencia, observaci\u00f3n que hizo \u201c150 mil veces\u201d ante el propio organismo, los indicadores actuales son peores que durante sus 3 gobiernos.<\/p>\n\n\n\n<p>\u201cLo cierto, y nadie puede negar, es que tenemos indicadores sociales adversos, pero cuando tuvimos muy buenos indicadores, principalmente entre 2008 y 2015, la verdad es que las movilizaciones de distintos sectores sindicalizados y no sindicalizados, de movimientos sociales, era parte de la latencia existente de una sociedad en conflicto que quiere mejorar\u201d, repas\u00f3, entrevistado por Sebasti\u00e1n Acosta en Radio Independencia.<\/p>\n\n\n\n<p>\u201cPero de la noche a la ma\u00f1ana observamos algo que es incre\u00edble: frente a estos indicadores adversos nadie protesta\u201d, observ\u00f3.<\/p>\n\n\n\n<p>Y en el mismo sentido les llam\u00f3 la atenci\u00f3n: \u201cLos alba\u00f1iles, los obreros de la industria de la construcci\u00f3n y la Uocra, \u00bfno van a protestar?; los trabajadores que quedaron desempleados o aquellos movimientos sociales, organizaciones, \u00bfno van a protestar?\u201d.<\/p>\n\n\n\n<p>\u201cQu\u00e9 raro que no existen manifestaciones de car\u00e1cter social\u201d, insisti\u00f3 esc\u00e9ptico. Aunque, a su criterio, encontr\u00f3 la explicaci\u00f3n: \u201cO eran alianzas estrat\u00e9gicas de otros sectores para desestabilizar nuestra gesti\u00f3n de gobierno, o exist\u00eda una complicidad o connivencia de todo un articulado del poder judicial\u201d. Y remat\u00f3: \u201cEs un tema para preguntar\u201d.<\/p>\n\n\n\n<p><strong>Hay movimientos y movimientos<\/strong><\/p>\n\n\n\n<p>Capitanich pidi\u00f3 \u201cdiferenciar los movimientos sociales que pudieron haber cometido alg\u00fan hecho que amerite alg\u00fan cuestionamiento de car\u00e1cter legal, de los que trabajaron y trabajan en comedores comunitarios y la construcci\u00f3n de viviendas y veredas, que generaban ingresos para mucha gente\u201d.<\/p>\n\n\n\n<p>Parad\u00f3jicamente, los convenios firmados con organizaciones sociales para la construcci\u00f3n de viviendas y veredas fueron observados por la Justicia que la \u00faltima semana orden\u00f3 la detenci\u00f3n de uno de sus funcionarios: el expresidente del Instituto de Agricultura Familiar y Econom\u00eda Popular, Mauricio Andi\u00f3n, y de la arquitecta Mar\u00eda Moreno, su mano derecha en la administraci\u00f3n de ese organismo, imputados de corrupci\u00f3n.<\/p>\n","protected":false},"excerpt":{"rendered":"<p>El exgobernador Jorge Capitanich volvi\u00f3 a asombrarse c\u00f3mo \u201cde la noche a la ma\u00f1ana\u201d, tras la asunci\u00f3n de Leandro Zdero como gobernador, desaparecieron las protestas sociales y los cortes de calles y rutas que caracterizaron por a\u00f1os a su gesti\u00f3n, tanto que Resistencia se gan\u00f3 en los buscadores el mote de \u201ccapital del piquete\u201d. Tal [&hellip;]<\/p>\n","protected":false},"author":1,"featured_media":3771,"comment_status":"open","ping_status":"open","sticky":false,"template":"","format":"standard","meta":{"footnotes":""},"categories":[27],"tags":[],"class_list":["post-8943","post","type-post","status-publish","format-standard","has-post-thumbnail","hentry","category-politica"],"_links":{"self":[{"href":"https:\/\/hdpnoticias.com.ar\/index.php?rest_route=\/wp\/v2\/posts\/8943","targetHints":{"allow":["GET"]}}],"collection":[{"href":"https:\/\/hdpnoticias.com.ar\/index.php?rest_route=\/wp\/v2\/posts"}],"about":[{"href":"https:\/\/hdpnoticias.com.ar\/index.php?rest_route=\/wp\/v2\/types\/post"}],"author":[{"embeddable":true,"href":"https:\/\/hdpnoticias.com.ar\/index.php?rest_route=\/wp\/v2\/users\/1"}],"replies":[{"embeddable":true,"href":"https:\/\/hdpnoticias.com.ar\/index.php?rest_route=%2Fwp%2Fv2%2Fcomments&post=8943"}],"version-history":[{"count":2,"href":"https:\/\/hdpnoticias.com.ar\/index.php?rest_route=\/wp\/v2\/posts\/8943\/revisions"}],"predecessor-version":[{"id":8945,"href":"https:\/\/hdpnoticias.com.ar\/index.php?rest_route=\/wp\/v2\/posts\/8943\/revisions\/8945"}],"wp:featuredmedia":[{"embeddable":true,"href":"https:\/\/hdpnoticias.com.ar\/index.php?rest_route=\/wp\/v2\/media\/3771"}],"wp:attachment":[{"href":"https:\/\/hdpnoticias.com.ar\/index.php?rest_route=%2Fwp%2Fv2%2Fmedia&parent=8943"}],"wp:term":[{"taxonomy":"category","embeddable":true,"href":"https:\/\/hdpnoticias.com.ar\/index.php?rest_route=%2Fwp%2Fv2%2Fcategories&post=8943"},{"taxonomy":"post_tag","embeddable":true,"href":"https:\/\/hdpnoticias.com.ar\/index.php?rest_route=%2Fwp%2Fv2%2Ftags&post=8943"}],"curies":[{"name":"wp","href":"https:\/\/api.w.org\/{rel}","templated":true}]}}