{"id":8940,"date":"2024-10-12T17:18:18","date_gmt":"2024-10-12T20:18:18","guid":{"rendered":"https:\/\/hdpnoticias.com.ar\/?p=8940"},"modified":"2024-10-12T17:50:50","modified_gmt":"2024-10-12T20:50:50","slug":"tito-lopez-llora-en-prision-no-le-gusta-la-comida-y-denuncia-tortura-psicologica","status":"publish","type":"post","link":"https:\/\/hdpnoticias.com.ar\/?p=8940","title":{"rendered":"Tito L\u00f3pez llora en prisi\u00f3n: No le gusta la comida y denuncia tortura psicol\u00f3gica"},"content":{"rendered":"\n<figure class=\"wp-block-image size-full\"><img loading=\"lazy\" decoding=\"async\" width=\"720\" height=\"90\" src=\"http:\/\/hdpnoticias.com.ar\/wp-content\/uploads\/2024\/05\/Copy-of-720x90-1.gif\" alt=\"\" class=\"wp-image-6806\"\/><\/figure>\n\n\n\n<p>El dirigente piquetero Tito L\u00f3pez lleva 2 d\u00edas alojado en la U7 junto a sus hijos David, Walter y Daniel, despu\u00e9s de que el juez federal Ricardo Mi\u00e1novich les dictara el procesamiento con prisi\u00f3n preventiva, imputados por presunto lavado de activos.<\/p>\n\n\n\n<p>Desde ah\u00ed entabl\u00f3 una comunicaci\u00f3n telef\u00f3nica con otro referente de su organizaci\u00f3n, el Movimiento de Trabajadores Desocupados 17 de Julio, a quien le describi\u00f3 con desesperaci\u00f3n la situaci\u00f3n que atraviesa en su lugar de detenci\u00f3n.<\/p>\n\n\n\n<p>Seg\u00fan su relato, la comida no cubre sus expectativas: \u201cNi los perros quieren comer esto. Yo a mis chanchos les cocinaba mejor\u201d, grafic\u00f3. Adem\u00e1s, dijo que no les permiten tomar mate, ni les sirven ni t\u00e9, ni mate cocido. Incluso no recibe agua, y cont\u00f3 que tiene que consumir el agua del inodoro.<\/p>\n\n\n\n<p>\u201cYo no mat\u00e9 a nadie. Estoy ac\u00e1 por evasi\u00f3n de impuestos. Y me tienen en un cuadradito. Nadie te atiende, el m\u00e9dico te mira as\u00ed nom\u00e1s y si ten\u00e9s que morirte, morite\u201d, dijo.<\/p>\n\n\n\n<p>Para \u00e9l, el objetivo es que \u00e9l y sus hijos mueran en la c\u00e1rcel, y le pidi\u00f3 a su compa\u00f1ero que organice una movilizaci\u00f3n a la sede del Comit\u00e9 Provincial contra la Tortura, a la Fiscal\u00eda y al Juzgado, para denunciar esta situaci\u00f3n. \u201cPero tiene que ser el lunes, no podemos esperar hasta el jueves porque el jueves ya vamos a estar todos muertos\u201d, emplaz\u00f3.<\/p>\n\n\n\n<p>Llorando, \u201cno de miedo, sino de impotencia y de rabia\u201d, dijo temer que algunos de sus hijos mueran de tristeza en prisi\u00f3n. \u201cYo no soy un asesino, pero no s\u00e9 en qu\u00e9 me voy a convertir su muere uno de mis hijos\u201d, advirti\u00f3.<\/p>\n\n\n\n<p>Pero no s\u00f3lo denunci\u00f3 \u201ctorturas psicol\u00f3gicas\u201d de parte del juez y del Servicio Penitenciario Federal, sino tambi\u00e9n el abandono de sus abogados: \u201cEl \u00fanico abogado que vino fue el doctor Leiva, los dem\u00e1s ni aparecieron\u201d, se quej\u00f3.<\/p>\n\n\n\n<p>Con el objetivo de intentar mejorar su situaci\u00f3n, le pidi\u00f3 a su interlocutor que le haga llegar el mensaje a los senadores coquistas Antonio Rodas y Mar\u00eda In\u00e9s Pilatti Vergara.<\/p>\n\n\n\n<p><strong>H\u00e1beas corpus<\/strong><\/p>\n\n\n\n<p>Tras divulgarse el mensaje de Tito L\u00f3pez a su lugarteniente, uno de sus defensores: Francisco Belle, present\u00f3 un recurso de h\u00e1beas corpus exigiendo el cese de la \u201ctortura psicol\u00f3gica y el trato inhumano y degradante\u201d de parte del SPF.<\/p>\n\n\n\n<p>El abogado expuso que son sometidos a requisas innecesarias desde primera hora de la ma\u00f1ana, que no tiene permitido el contacto con sus hijos ni la recepci\u00f3n de ropa limpia, alimentos ni medicamentos por parte de sus familiares y allegados.<\/p>\n","protected":false},"excerpt":{"rendered":"<p>El dirigente piquetero Tito L\u00f3pez lleva 2 d\u00edas alojado en la U7 junto a sus hijos David, Walter y Daniel, despu\u00e9s de que el juez federal Ricardo Mi\u00e1novich les dictara el procesamiento con prisi\u00f3n preventiva, imputados por presunto lavado de activos. Desde ah\u00ed entabl\u00f3 una comunicaci\u00f3n telef\u00f3nica con otro referente de su organizaci\u00f3n, el Movimiento [&hellip;]<\/p>\n","protected":false},"author":1,"featured_media":3173,"comment_status":"open","ping_status":"open","sticky":false,"template":"","format":"standard","meta":{"footnotes":""},"categories":[27],"tags":[],"class_list":["post-8940","post","type-post","status-publish","format-standard","has-post-thumbnail","hentry","category-politica"],"_links":{"self":[{"href":"https:\/\/hdpnoticias.com.ar\/index.php?rest_route=\/wp\/v2\/posts\/8940","targetHints":{"allow":["GET"]}}],"collection":[{"href":"https:\/\/hdpnoticias.com.ar\/index.php?rest_route=\/wp\/v2\/posts"}],"about":[{"href":"https:\/\/hdpnoticias.com.ar\/index.php?rest_route=\/wp\/v2\/types\/post"}],"author":[{"embeddable":true,"href":"https:\/\/hdpnoticias.com.ar\/index.php?rest_route=\/wp\/v2\/users\/1"}],"replies":[{"embeddable":true,"href":"https:\/\/hdpnoticias.com.ar\/index.php?rest_route=%2Fwp%2Fv2%2Fcomments&post=8940"}],"version-history":[{"count":2,"href":"https:\/\/hdpnoticias.com.ar\/index.php?rest_route=\/wp\/v2\/posts\/8940\/revisions"}],"predecessor-version":[{"id":8942,"href":"https:\/\/hdpnoticias.com.ar\/index.php?rest_route=\/wp\/v2\/posts\/8940\/revisions\/8942"}],"wp:featuredmedia":[{"embeddable":true,"href":"https:\/\/hdpnoticias.com.ar\/index.php?rest_route=\/wp\/v2\/media\/3173"}],"wp:attachment":[{"href":"https:\/\/hdpnoticias.com.ar\/index.php?rest_route=%2Fwp%2Fv2%2Fmedia&parent=8940"}],"wp:term":[{"taxonomy":"category","embeddable":true,"href":"https:\/\/hdpnoticias.com.ar\/index.php?rest_route=%2Fwp%2Fv2%2Fcategories&post=8940"},{"taxonomy":"post_tag","embeddable":true,"href":"https:\/\/hdpnoticias.com.ar\/index.php?rest_route=%2Fwp%2Fv2%2Ftags&post=8940"}],"curies":[{"name":"wp","href":"https:\/\/api.w.org\/{rel}","templated":true}]}}