{"id":8923,"date":"2024-10-10T21:56:12","date_gmt":"2024-10-11T00:56:12","guid":{"rendered":"https:\/\/hdpnoticias.com.ar\/?p=8923"},"modified":"2024-11-07T09:26:19","modified_gmt":"2024-11-07T12:26:19","slug":"piden-elevar-a-juicio-la-causa-uncaus-el-avion-comprado-por-una-fundacion-sigue-sin-volar","status":"publish","type":"post","link":"https:\/\/hdpnoticias.com.ar\/?p=8923","title":{"rendered":"Piden elevar a juicio la Causa Uncaus: el avi\u00f3n comprado por una fundaci\u00f3n no vuela"},"content":{"rendered":"\n<figure class=\"wp-block-image size-full\"><img loading=\"lazy\" decoding=\"async\" width=\"728\" height=\"90\" src=\"http:\/\/hdpnoticias.com.ar\/wp-content\/uploads\/2024\/05\/Nachec.gif\" alt=\"\" class=\"wp-image-6814\"\/><\/figure>\n\n\n\n<p>El fiscal federal de Presidencia Roque S\u00e1enz Pe\u00f1a, Carlos Amad, despu\u00e9s de que la C\u00e1mara de Apelaciones de Resistencia confirmara los procesamientos, formaliz\u00f3 el pasado 2 de octubre el requerimiento de elevaci\u00f3n a juicio en la denominada Causa Uncaus, que tiene como imputados al rector y otros funcionarios de la Universidad Nacional del Chaco Austral y directivos de fundaciones vinculadas a \u00e9sta.<\/p>\n\n\n\n<p>El rector Germ\u00e1n Oestmann, Marcelo Marinich, Natalia Judis, Manuel Ricardone, Cristian Vizgarra, Luis Pugacz, Lucas Stegagnini, Jorge Alc\u00e1ntara, Jos\u00e9 Yarros, Juan Dom\u00ednguez, Jonatan Gal y Pedro Mijalec; est\u00e1n imputados de fraude en perjuicio de la Administraci\u00f3n P\u00fablica, abuso de autoridad, violaci\u00f3n de deberes de funcionarios p\u00fablicos, malversaci\u00f3n de caudales p\u00fablicos y asociaci\u00f3n il\u00edcita\u201d; Marcelo Sang, Ricardo Sal\u00edn, Mar\u00eda Fernanda Del Giorgio y Carla Palacios, de fraude en perjuicio de la Administraci\u00f3n P\u00fablica, abuso de autoridad, violaci\u00f3n de deberes de funcionarios p\u00fablicos, malversaci\u00f3n de caudales p\u00fablicos y asociaci\u00f3n il\u00edcita, negociaciones incompatibles con el ejercicio de las funciones p\u00fablicas y asociaci\u00f3n il\u00edcita\u201d, y Sandra Bondar y Dora Loto, de fraude en perjuicio de la Administraci\u00f3n P\u00fablica y asociaci\u00f3n il\u00edcita\u201d.<\/p>\n\n\n\n<p>En el escrito de m\u00e1s de 400 p\u00e1ginas el fiscal insiste en su tesis de que los imputados perge\u00f1aron y forman parte de una organizaci\u00f3n destinada a la administraci\u00f3n fraudulenta de fondos p\u00fablicos pertenecientes a la Uncaus, para lo que crearon fundaciones en las que delegaban funciones propias de la Universidad y transfer\u00edan los fondos para sacarlos de la \u00f3rbita de los controles oficiales, cediendo completamente la administraci\u00f3n a estas entidades.<\/p>\n\n\n\n<p>Amad entiende que todo comenz\u00f3 durante el rectorado del ya fallecido Omar Judis, condenado por esta cuesti\u00f3n, y que no s\u00f3lo se mantuvo con la asunci\u00f3n de las nuevas autoridades universitarias, sino que estas \u201cperfeccionaron\u201d el entramado.<\/p>\n\n\n\n<p>Tambi\u00e9n deduce que ampar\u00e1ndose en una interpretaci\u00f3n ama\u00f1ada de los estatutos y la normativa que rige a la Universidad y a las fundaciones, los involucrados se atribu\u00edan funciones fuera de su competencia.<\/p>\n\n\n\n<p>Entre otros casos, se\u00f1ala la compra de bienes registrables, rol de la \u00f3rbita de la Secretar\u00eda Administrativa, que fuera usurpado por Ricardone que, como titular de la Secretar\u00eda Acad\u00e9mica, instruy\u00f3 a la Fundaci\u00f3n Educaci\u00f3n para Todos la compra de un avi\u00f3n.<\/p>\n\n\n\n<p>La aeronave: un Cessna C150M, matr\u00edcula LV-CEO, fue adquirida a un Aeroclub de la ciudad cordobesa Oliva. cuando Alc\u00e1ntara presid\u00eda el Consejo de Administraci\u00f3n de la fundaci\u00f3n.<\/p>\n\n\n\n<p>El fiscal tacha de irregular la compra se\u00f1alando que \u00e9sta debi\u00f3 ser realizada por la propia Uncaus, no a trav\u00e9s de intermediarios y sin la sustanciaci\u00f3n de los procesos de concurso de precios y\/o licitaci\u00f3n. Adem\u00e1s, objeta que haya sido registrada a nombre de la Fundaci\u00f3n cuando fue adquirida con fondos de la Uncaus.<\/p>\n\n\n\n<p>Tambi\u00e9n observa la oportunidad y conveniencia de la operaci\u00f3n, ya que el avi\u00f3n cost\u00f3 en septiembre de 2021 casi 11 millones de pesos, que se hicieron efectivos en 2 pagos, el doble de lo que la Unidad M\u00e9dica Educativa de la Uncaus, regenteada por la Fundaci\u00f3n Uncaus, tambi\u00e9n liderada por Alc\u00e1ntara, adeudaba a sus proveedores de insumos y medicamentos, y mientras alquilaba una ambulancia por no contar con veh\u00edculo propio.<\/p>\n\n\n\n<p>Por esto, Amad considera que la compra, adem\u00e1s de irregular, fue innecesaria, ya que la Uncaus s\u00f3lo ten\u00eda aprobado por la ANAC el dictado de un curso te\u00f3rico que no demandaba contar con una aeronave. Y agreg\u00f3 que la autorizaci\u00f3n fue obtenida en 2016 e incluso hasta hoy no iniciaron las clases.<\/p>\n\n\n\n<p>De acuerdo a la documentaci\u00f3n presentada, simult\u00e1neamente a la compra del avi\u00f3n fueron alquilados 2 galpones, uno para el dictado de los cursos y el otro para oficiar de hangar.<\/p>\n\n\n\n<p>Y, para completar, observ\u00f3 un detalle: la Fundaci\u00f3n plasm\u00f3 la decisi\u00f3n de adquirir la aeronave en un acta tras una reuni\u00f3n de su Consejo que dur\u00f3 una hora, sin embargo el primer pago se efectu\u00f3 apenas iniciado el encuentro.<\/p>\n\n\n\n<p>En su descargo, Alc\u00e1ntara dijo que el avi\u00f3n era indispensable para obtener el aval para los cursos pr\u00e1cticos, y que se cotejaron los precios del mercado que ofrec\u00eda aparatos similares entre 55 mil y 60 mil d\u00f3lares, y que se opt\u00f3 por este que era m\u00e1s barato.<\/p>\n\n\n\n<p>Por un lado, el fiscal asegura que la compra se realiz\u00f3 antes de que el Consejo Superior de la Uncaus aprobara los cursos y estos fueran avalados por la ANAC, y cuestion\u00f3 el precio aseverando que lo abonado, al tipo de cambio de aquel momento, fue sustancialmente superior a las otras ofertas.<\/p>\n\n\n\n<p>De acuerdo al requerimiento de elevaci\u00f3n a juicio, el avi\u00f3n realiz\u00f3 un solo vuelo desde su arribo a S\u00e1enz Pe\u00f1a: fue trasladado a un taller en Las Palmas, donde deber\u00eda encontrarse en este momento. Pero el organismo encargado del control a\u00e9reo no tiene registros de ello. Seg\u00fan el piloto, present\u00f3 el plan de vuelo correspondiente, y aport\u00f3 la planilla con el detalle de la hora de despegue y aterrizaje que indican que tard\u00f3 una hora y media, lo que permite deducir que viaj\u00f3 a muy baja velocidad.<\/p>\n\n\n\n<p>Por lo expuesto, el fiscal Carlos Amad opina que el avi\u00f3n fue adquirido para uso personal de los funcionarios y directivos cuestionados, y ser puesto al servicio de las fundaciones y sus fines reprochados en la causa.<\/p>\n","protected":false},"excerpt":{"rendered":"<p>El fiscal federal de Presidencia Roque S\u00e1enz Pe\u00f1a, Carlos Amad, despu\u00e9s de que la C\u00e1mara de Apelaciones de Resistencia confirmara los procesamientos, formaliz\u00f3 el pasado 2 de octubre el requerimiento de elevaci\u00f3n a juicio en la denominada Causa Uncaus, que tiene como imputados al rector y otros funcionarios de la Universidad Nacional del Chaco Austral [&hellip;]<\/p>\n","protected":false},"author":1,"featured_media":8924,"comment_status":"open","ping_status":"open","sticky":false,"template":"","format":"standard","meta":{"footnotes":""},"categories":[6,27],"tags":[],"class_list":["post-8923","post","type-post","status-publish","format-standard","has-post-thumbnail","hentry","category-info-general","category-politica"],"_links":{"self":[{"href":"https:\/\/hdpnoticias.com.ar\/index.php?rest_route=\/wp\/v2\/posts\/8923","targetHints":{"allow":["GET"]}}],"collection":[{"href":"https:\/\/hdpnoticias.com.ar\/index.php?rest_route=\/wp\/v2\/posts"}],"about":[{"href":"https:\/\/hdpnoticias.com.ar\/index.php?rest_route=\/wp\/v2\/types\/post"}],"author":[{"embeddable":true,"href":"https:\/\/hdpnoticias.com.ar\/index.php?rest_route=\/wp\/v2\/users\/1"}],"replies":[{"embeddable":true,"href":"https:\/\/hdpnoticias.com.ar\/index.php?rest_route=%2Fwp%2Fv2%2Fcomments&post=8923"}],"version-history":[{"count":3,"href":"https:\/\/hdpnoticias.com.ar\/index.php?rest_route=\/wp\/v2\/posts\/8923\/revisions"}],"predecessor-version":[{"id":8927,"href":"https:\/\/hdpnoticias.com.ar\/index.php?rest_route=\/wp\/v2\/posts\/8923\/revisions\/8927"}],"wp:featuredmedia":[{"embeddable":true,"href":"https:\/\/hdpnoticias.com.ar\/index.php?rest_route=\/wp\/v2\/media\/8924"}],"wp:attachment":[{"href":"https:\/\/hdpnoticias.com.ar\/index.php?rest_route=%2Fwp%2Fv2%2Fmedia&parent=8923"}],"wp:term":[{"taxonomy":"category","embeddable":true,"href":"https:\/\/hdpnoticias.com.ar\/index.php?rest_route=%2Fwp%2Fv2%2Fcategories&post=8923"},{"taxonomy":"post_tag","embeddable":true,"href":"https:\/\/hdpnoticias.com.ar\/index.php?rest_route=%2Fwp%2Fv2%2Ftags&post=8923"}],"curies":[{"name":"wp","href":"https:\/\/api.w.org\/{rel}","templated":true}]}}