{"id":8912,"date":"2024-10-09T15:13:11","date_gmt":"2024-10-09T18:13:11","guid":{"rendered":"https:\/\/hdpnoticias.com.ar\/?p=8912"},"modified":"2024-10-09T15:28:15","modified_gmt":"2024-10-09T18:28:15","slug":"gustavo-si-ganaba-capitanich-la-casa-de-gobierno-ya-estaria-tomada","status":"publish","type":"post","link":"https:\/\/hdpnoticias.com.ar\/?p=8912","title":{"rendered":"Gustavo: Si ganaba Capitanich la Casa de Gobierno ya estar\u00eda tomada"},"content":{"rendered":"\n<figure class=\"wp-block-image size-full\"><img loading=\"lazy\" decoding=\"async\" width=\"720\" height=\"90\" src=\"http:\/\/hdpnoticias.com.ar\/wp-content\/uploads\/2024\/05\/Obras-Publicas.gif\" alt=\"\" class=\"wp-image-6818\"\/><\/figure>\n\n\n\n<p>\u201cCreo que si ganaba Capitanich \u00edbamos a estar en un grave problema\u201d, dijo el exintendente de Resistencia: Gustavo Mart\u00ednez, principal dirigente de la Corriente de Expresi\u00f3n Renovada, al analizar c\u00f3mo podr\u00eda el exgobernador Jorge Capitanich gestionar la Provincia sin la asistencia permanente de la Naci\u00f3n.<\/p>\n\n\n\n<p>\u201c\u00c9l tuvo la suerte de que cada vez que le toc\u00f3 gobernar estuvo Cristina en el Gobierno nacional. Pero Peppo no tuvo esa ventaja, como ahora no la tiene Zdero\u201d, compar\u00f3 al considerar que \u201ces muy poco lo que se puede hacer desde el lugar de gobernador frente a decisiones de la Naci\u00f3n\u201d que no convienen a la provincia o directamente van en sentido contrario como la eliminaci\u00f3n de los fondos para el transporte y los salarios docentes.<\/p>\n\n\n\n<p>\u201cSi ganaba Capitanich c\u00f3mo \u00edbamos a sostener sin el Gobierno nacional las viviendas, las cooperativas, las fundaciones, los m\u00f3dulos alimentarios, y todos los aspectos de un modelo que s\u00f3lo oxigenaba la demanda\u201d, analiz\u00f3, entrevistado por Roberto Espinoza en Radio Independencia.<\/p>\n\n\n\n<p>\u201cA esta altura ya hubi\u00e9ramos tenido la Casa de Gobierno tomada, teniendo en cuenta la pasividad de la gesti\u00f3n con esos sectores\u201d, concluy\u00f3 para graficar la reacci\u00f3n de las organizaciones sociales frente al recorte de asistencia y c\u00f3mo enfrentaban estas a la gesti\u00f3n de Capitanich a\u00fan cuando en la gran mayor\u00eda de los casos eran aliados pol\u00edticos.<\/p>\n\n\n\n<p>\u201cHace unos d\u00edas se reunieron todos los gobernadores de la regi\u00f3n y estaban Vald\u00e9s, de Corrientes; Pullaro, de Santa Fe; Frigerio, de Entre R\u00edos, y Zdero, todos radicales, y el compa\u00f1ero Gildo Insfr\u00e1n era el \u00fanico peronista. \u00bfQu\u00e9 tiene que hacer, aislarse? No, tiene que seguir gobernando\u201d, repas\u00f3, y asoci\u00f3: \u201cEntonces, qu\u00e9 queremos que haga Zdero. No tenemos que mentirnos, como gobernador tiene que gestionar en el contexto que le toc\u00f3\u201d, plante\u00f3 a modo de respueta a un sector de la oposici\u00f3n que ofrece &#8220;vamos todos juntos a reclamarle a Milei&#8221;.<\/p>\n\n\n\n<p>Aunque aleatoriamente, Mart\u00ednez puso la mirada en la gesti\u00f3n de los conflictos sociales encarada por el gobernador Leandro Zdero, algo que <strong><a href=\"https:\/\/hdpnoticias.com.ar\/?p=8194\">el mismo Capitanich hab\u00eda destacado concretamente, al punto de felicitarlo<\/a><\/strong>.<\/p>\n\n\n\n<p>As\u00ed como entiende que su performance electoral como candidato a gobernador por CER se debi\u00f3 a <strong><a href=\"https:\/\/hdpnoticias.com.ar\/?p=8650\">una gesti\u00f3n &#8220;alejada de los barrios&#8221;<\/a><\/strong>, cree que buena parte de la derrota de Capitanich en las elecciones del 2023 se explica en la estrategia de reclamar el &#8220;voto agradecimiento&#8221; por lo hecho en la gesti\u00f3n, en vez de proponer encarar lo que faltaba o se hizo mal: &#8220;Nadie dijo: vamos a terminar con esto, Se nos fue de las manos, nos est\u00e1n extorsionando, nos tomaron de rehenes. Al contrario, se sigui\u00f3 financiando estos movimientos y fundaciones truchas&#8221;.<\/p>\n\n\n\n<p><\/p>\n\n\n\n<p><\/p>\n","protected":false},"excerpt":{"rendered":"<p>\u201cCreo que si ganaba Capitanich \u00edbamos a estar en un grave problema\u201d, dijo el exintendente de Resistencia: Gustavo Mart\u00ednez, principal dirigente de la Corriente de Expresi\u00f3n Renovada, al analizar c\u00f3mo podr\u00eda el exgobernador Jorge Capitanich gestionar la Provincia sin la asistencia permanente de la Naci\u00f3n. \u201c\u00c9l tuvo la suerte de que cada vez que le [&hellip;]<\/p>\n","protected":false},"author":1,"featured_media":2336,"comment_status":"open","ping_status":"open","sticky":false,"template":"","format":"standard","meta":{"footnotes":""},"categories":[27],"tags":[],"class_list":["post-8912","post","type-post","status-publish","format-standard","has-post-thumbnail","hentry","category-politica"],"_links":{"self":[{"href":"https:\/\/hdpnoticias.com.ar\/index.php?rest_route=\/wp\/v2\/posts\/8912","targetHints":{"allow":["GET"]}}],"collection":[{"href":"https:\/\/hdpnoticias.com.ar\/index.php?rest_route=\/wp\/v2\/posts"}],"about":[{"href":"https:\/\/hdpnoticias.com.ar\/index.php?rest_route=\/wp\/v2\/types\/post"}],"author":[{"embeddable":true,"href":"https:\/\/hdpnoticias.com.ar\/index.php?rest_route=\/wp\/v2\/users\/1"}],"replies":[{"embeddable":true,"href":"https:\/\/hdpnoticias.com.ar\/index.php?rest_route=%2Fwp%2Fv2%2Fcomments&post=8912"}],"version-history":[{"count":3,"href":"https:\/\/hdpnoticias.com.ar\/index.php?rest_route=\/wp\/v2\/posts\/8912\/revisions"}],"predecessor-version":[{"id":8915,"href":"https:\/\/hdpnoticias.com.ar\/index.php?rest_route=\/wp\/v2\/posts\/8912\/revisions\/8915"}],"wp:featuredmedia":[{"embeddable":true,"href":"https:\/\/hdpnoticias.com.ar\/index.php?rest_route=\/wp\/v2\/media\/2336"}],"wp:attachment":[{"href":"https:\/\/hdpnoticias.com.ar\/index.php?rest_route=%2Fwp%2Fv2%2Fmedia&parent=8912"}],"wp:term":[{"taxonomy":"category","embeddable":true,"href":"https:\/\/hdpnoticias.com.ar\/index.php?rest_route=%2Fwp%2Fv2%2Fcategories&post=8912"},{"taxonomy":"post_tag","embeddable":true,"href":"https:\/\/hdpnoticias.com.ar\/index.php?rest_route=%2Fwp%2Fv2%2Ftags&post=8912"}],"curies":[{"name":"wp","href":"https:\/\/api.w.org\/{rel}","templated":true}]}}