{"id":8909,"date":"2024-10-09T11:25:16","date_gmt":"2024-10-09T14:25:16","guid":{"rendered":"https:\/\/hdpnoticias.com.ar\/?p=8909"},"modified":"2024-10-09T11:25:18","modified_gmt":"2024-10-09T14:25:18","slug":"interna-libertaria-en-chaco-por-afiliaciones-truchas-y-desvio-de-afiliaciones","status":"publish","type":"post","link":"https:\/\/hdpnoticias.com.ar\/?p=8909","title":{"rendered":"Interna libertaria en Chaco por afiliaciones truchas y desv\u00edo de afiliaciones"},"content":{"rendered":"\n<figure class=\"wp-block-image size-full\"><img loading=\"lazy\" decoding=\"async\" width=\"728\" height=\"90\" src=\"http:\/\/hdpnoticias.com.ar\/wp-content\/uploads\/2024\/05\/Nachec.gif\" alt=\"\" class=\"wp-image-6814\"\/><\/figure>\n\n\n\n<p>Las denuncias cruzadas entre el diputado nacional de La Libertad Avanza por el Chaco: Carlos Garc\u00eda, y el apoderado partidario en la provincia: Alfredo \u201cCapi\u201d Rodr\u00edguez, excanditado a gobernador y actual director regional de Anses, abon\u00f3 una interna en el partido de Javier Milei.<\/p>\n\n\n\n<p>\u201cLos tuiteros del Presidente y la gente que maneja su comunicaci\u00f3n, y hasta el propio Milei denunciaron una maniobra del diputado Garc\u00eda para conseguir afiliaciones, y \u00e9ste sali\u00f3 a cuestionarme, pero yo no tengo nada que ver\u201d, dijo Rodr\u00edguez sobre el tema.<\/p>\n\n\n\n<p>Explic\u00f3 que Garc\u00eda aprovech\u00f3 la campa\u00f1a de afiliaci\u00f3n de LLA, lanzado como partido nacional, para generar afiliaciones para su propio partido llamado \u201cPartido de la Libertad y la Prosperidad\u201d, con la aparente intenci\u00f3n de superar en volumen pol\u00edtico a Rodr\u00edguez.<\/p>\n\n\n\n<p>La maniobra consistir\u00eda en desviar los potenciales afiliados a un sitio web distinto del oficial que terminaban adhiri\u00e9ndose convencidos de que se sumaban como afiliado a LLA.<\/p>\n\n\n\n<p>El caso llev\u00f3 a que el fiscal federal Patricio Sabadini tomara intervenci\u00f3n y se supo que en breve convocar\u00eda a Garc\u00eda y Rodr\u00edguez para dilucidar la cuesti\u00f3n.<\/p>\n","protected":false},"excerpt":{"rendered":"<p>Las denuncias cruzadas entre el diputado nacional de La Libertad Avanza por el Chaco: Carlos Garc\u00eda, y el apoderado partidario en la provincia: Alfredo \u201cCapi\u201d Rodr\u00edguez, excanditado a gobernador y actual director regional de Anses, abon\u00f3 una interna en el partido de Javier Milei. \u201cLos tuiteros del Presidente y la gente que maneja su comunicaci\u00f3n, [&hellip;]<\/p>\n","protected":false},"author":1,"featured_media":8910,"comment_status":"open","ping_status":"open","sticky":false,"template":"","format":"standard","meta":{"footnotes":""},"categories":[27],"tags":[],"class_list":["post-8909","post","type-post","status-publish","format-standard","has-post-thumbnail","hentry","category-politica"],"_links":{"self":[{"href":"https:\/\/hdpnoticias.com.ar\/index.php?rest_route=\/wp\/v2\/posts\/8909","targetHints":{"allow":["GET"]}}],"collection":[{"href":"https:\/\/hdpnoticias.com.ar\/index.php?rest_route=\/wp\/v2\/posts"}],"about":[{"href":"https:\/\/hdpnoticias.com.ar\/index.php?rest_route=\/wp\/v2\/types\/post"}],"author":[{"embeddable":true,"href":"https:\/\/hdpnoticias.com.ar\/index.php?rest_route=\/wp\/v2\/users\/1"}],"replies":[{"embeddable":true,"href":"https:\/\/hdpnoticias.com.ar\/index.php?rest_route=%2Fwp%2Fv2%2Fcomments&post=8909"}],"version-history":[{"count":1,"href":"https:\/\/hdpnoticias.com.ar\/index.php?rest_route=\/wp\/v2\/posts\/8909\/revisions"}],"predecessor-version":[{"id":8911,"href":"https:\/\/hdpnoticias.com.ar\/index.php?rest_route=\/wp\/v2\/posts\/8909\/revisions\/8911"}],"wp:featuredmedia":[{"embeddable":true,"href":"https:\/\/hdpnoticias.com.ar\/index.php?rest_route=\/wp\/v2\/media\/8910"}],"wp:attachment":[{"href":"https:\/\/hdpnoticias.com.ar\/index.php?rest_route=%2Fwp%2Fv2%2Fmedia&parent=8909"}],"wp:term":[{"taxonomy":"category","embeddable":true,"href":"https:\/\/hdpnoticias.com.ar\/index.php?rest_route=%2Fwp%2Fv2%2Fcategories&post=8909"},{"taxonomy":"post_tag","embeddable":true,"href":"https:\/\/hdpnoticias.com.ar\/index.php?rest_route=%2Fwp%2Fv2%2Ftags&post=8909"}],"curies":[{"name":"wp","href":"https:\/\/api.w.org\/{rel}","templated":true}]}}