{"id":8896,"date":"2024-10-08T11:36:02","date_gmt":"2024-10-08T14:36:02","guid":{"rendered":"https:\/\/hdpnoticias.com.ar\/?p=8896"},"modified":"2024-11-07T09:18:26","modified_gmt":"2024-11-07T12:18:26","slug":"honcheruk-sobre-la-tragedia-en-la-ruta-4-yo-iba-despacio-a-120","status":"publish","type":"post","link":"https:\/\/hdpnoticias.com.ar\/?p=8896","title":{"rendered":"Honcheruk admiti\u00f3 su imprudencia en la tragedia de la ruta 4: Yo iba despacio, a 120"},"content":{"rendered":"\n<figure class=\"wp-block-image size-full\"><img loading=\"lazy\" decoding=\"async\" width=\"728\" height=\"90\" src=\"http:\/\/hdpnoticias.com.ar\/wp-content\/uploads\/2024\/05\/Nachec.gif\" alt=\"\" class=\"wp-image-6814\"\/><figcaption class=\"wp-element-caption\">El intendente Germ\u00e1n Honcheruk admiti\u00f3 que conduc\u00eda la camioneta de la Municipalidad violendo los l\u00edmites de velocidad al momento de la tragedia.<\/figcaption><\/figure>\n\n\n\n<p>El lunes 30 de septiembre el intendente de Villa Berthet: Germ\u00e1n Honcheruk, conduc\u00eda una Renault Alaskan, propiedad de la Municipalidad, en viaje desde Resistencia hacia esa ciudad tras una serie de reuniones en el marco del debate del pedido de autorizaci\u00f3n del gobernador Leandro Zdero para tomar un cr\u00e9dito para hacer frente a la emergencia energ\u00e9tica e h\u00eddrica.<\/p>\n\n\n\n<p>Cuando viajaba por la ruta provincial 4, entre Quitilipi y Villa Berthet, <strong><a href=\"https:\/\/hdpnoticias.com.ar\/?p=8798\">embisti\u00f3 a un Fiat 147<\/a><\/strong>, conducido por V\u00edctor G\u00f3mez, de 23 a\u00f1os, acompa\u00f1ado de su padre.<\/p>\n\n\n\n<p>El impacto fue tan brutal que el auto termin\u00f3 reducido a chatarra. El conductor muri\u00f3 en el acto y su acompa\u00f1ante fue trasladado al hospital 4 de Junio, de Presidencia Roque S\u00e1enz Pe\u00f1a, con traumatismo de cr\u00e1neo grave, y m\u00faltiples lesiones.<\/p>\n\n\n\n<p>La camioneta que manejaba Honcheruk volc\u00f3. \u00c9l fue auxiliado y derivado a la Unidad M\u00e9dica Asistencial de la Uncaus, tambi\u00e9n en S\u00e1enz Pe\u00f1a.<\/p>\n\n\n\n<p>Tras reponerse de las lesiones, el intendente cont\u00f3 que esa tarde se hab\u00eda despedido de su padre, el diputado provincial Atlanto Honcheruk, que le recomend\u00f3 &#8220;andr\u00e1 tranquilo, con cuidado, despacio&#8221;. No obstante, admiti\u00f3 que al momento de la tragedia no s\u00f3lo conduc\u00eda imprudentemente sino que adem\u00e1s lo hac\u00eda violando el l\u00edmite de velocidad m\u00e1xima.<\/p>\n\n\n\n<p>\u201cNo vi el auto porque hab\u00eda humo en la ruta, simplemente sent\u00ed el impacto\u201d, dijo, entrevistado en Somos Uno y La Radio, alegando la baja visibilidad al momento del siniestro.<\/p>\n\n\n\n<p>Estos casos los especialistas recomiendan reducir la velocidad en funci\u00f3n de la visibilidad, y \u00e9l asegur\u00f3 que lo hizo, aunque, parad\u00f3jicamente admiti\u00f3 que en ese momento conduc\u00eda a una velocidad por encima de la permitida: \u201cIba a 120\u201d, dijo.<\/p>\n\n\n\n<p>\u201cYo manejo r\u00e1pido, no voy a mentir. Siempre viajo a 140 o 150\u201d, confes\u00f3, e insisti\u00f3: \u201cPero esta vez iba despacio, a 120\u201d, como si ignorara que el l\u00edmite de velocidad en ese tipo de rutas de es 110 k\/h,&nbsp; las camionetas como la que \u00e9l conduc\u00eda no pueden superar este tope siquiera en autopistas.<\/p>\n\n\n\n<p>Dejando esta cuesti\u00f3n en segundo plano, pidi\u00f3 disculpas a la familia de la v\u00edctima.<\/p>\n","protected":false},"excerpt":{"rendered":"<p>El lunes 30 de septiembre el intendente de Villa Berthet: Germ\u00e1n Honcheruk, conduc\u00eda una Renault Alaskan, propiedad de la Municipalidad, en viaje desde Resistencia hacia esa ciudad tras una serie de reuniones en el marco del debate del pedido de autorizaci\u00f3n del gobernador Leandro Zdero para tomar un cr\u00e9dito para hacer frente a la emergencia [&hellip;]<\/p>\n","protected":false},"author":1,"featured_media":8799,"comment_status":"open","ping_status":"open","sticky":false,"template":"","format":"standard","meta":{"footnotes":""},"categories":[26,27],"tags":[],"class_list":["post-8896","post","type-post","status-publish","format-standard","has-post-thumbnail","hentry","category-policiales","category-politica"],"_links":{"self":[{"href":"https:\/\/hdpnoticias.com.ar\/index.php?rest_route=\/wp\/v2\/posts\/8896","targetHints":{"allow":["GET"]}}],"collection":[{"href":"https:\/\/hdpnoticias.com.ar\/index.php?rest_route=\/wp\/v2\/posts"}],"about":[{"href":"https:\/\/hdpnoticias.com.ar\/index.php?rest_route=\/wp\/v2\/types\/post"}],"author":[{"embeddable":true,"href":"https:\/\/hdpnoticias.com.ar\/index.php?rest_route=\/wp\/v2\/users\/1"}],"replies":[{"embeddable":true,"href":"https:\/\/hdpnoticias.com.ar\/index.php?rest_route=%2Fwp%2Fv2%2Fcomments&post=8896"}],"version-history":[{"count":2,"href":"https:\/\/hdpnoticias.com.ar\/index.php?rest_route=\/wp\/v2\/posts\/8896\/revisions"}],"predecessor-version":[{"id":8898,"href":"https:\/\/hdpnoticias.com.ar\/index.php?rest_route=\/wp\/v2\/posts\/8896\/revisions\/8898"}],"wp:featuredmedia":[{"embeddable":true,"href":"https:\/\/hdpnoticias.com.ar\/index.php?rest_route=\/wp\/v2\/media\/8799"}],"wp:attachment":[{"href":"https:\/\/hdpnoticias.com.ar\/index.php?rest_route=%2Fwp%2Fv2%2Fmedia&parent=8896"}],"wp:term":[{"taxonomy":"category","embeddable":true,"href":"https:\/\/hdpnoticias.com.ar\/index.php?rest_route=%2Fwp%2Fv2%2Fcategories&post=8896"},{"taxonomy":"post_tag","embeddable":true,"href":"https:\/\/hdpnoticias.com.ar\/index.php?rest_route=%2Fwp%2Fv2%2Ftags&post=8896"}],"curies":[{"name":"wp","href":"https:\/\/api.w.org\/{rel}","templated":true}]}}