{"id":881,"date":"2023-02-17T18:39:26","date_gmt":"2023-02-17T21:39:26","guid":{"rendered":"http:\/\/hdpnoticias.com.ar\/?p=881"},"modified":"2023-02-17T18:39:28","modified_gmt":"2023-02-17T21:39:28","slug":"frente-de-todos-y-unas-pocas-la-mesa-del-oficialismo-dominada-ampliamente-por-varones","status":"publish","type":"post","link":"https:\/\/hdpnoticias.com.ar\/?p=881","title":{"rendered":"Frente de Todos y Unas Pocas: la Mesa del oficialismo dominada ampliamente por varones"},"content":{"rendered":"\n<p>El presidente de la Naci\u00f3n: Alberto Fern\u00e1ndez, encabez\u00f3 la primera reuni\u00f3n de la Mesa Pol\u00edtica del Frente de Todos, que convocara en su car\u00e1cter de presidente del Partido Justicialista para debatir cuestiones electorales del oficialismo.<\/p>\n\n\n\n<p>Fueron convocados referentes de su sector, del que lidera la vicepresidente Cristina Fern\u00e1ndez, y el Frente Renovador del ministro de Econom\u00eda: Sergio Massa; a raz\u00f3n de 6 por bando. Se sumaron 6 gobernadores, 6 intendentes bonaerenses y 6 gremialistas alineados con el Gobierno.<\/p>\n\n\n\n<p>Adem\u00e1s de Alberto, por el \u201calbertismo\u201d participaron el flamante jefe de Gabinete: Agust\u00edn Rossi; el vicejefe de Gabinete: Juan Manuel Olmos; el secretario general de la Presidencia: Julio Vitobello; el canciller Santiago Cafiero; y la ministra de Desarrollo Social: Victoria Tolosa Paz.<\/p>\n\n\n\n<p>El cristinismo estuvo representado por el ministro del Interior de la Naci\u00f3n: Eduardo &#8220;Wado&#8221; de Pedro; el ministro de Desarrollo de la Comunidad de Buenos Aires: Andr\u00e9s Larroque, el diputado nacional y presidente del PJ bonaerense M\u00e1ximo Kirchner; la senadora nacional Anabel Fern\u00e1ndez Sagasti; el diputado Sergio Palazzo y la presidente del bloque de senadores del Frente de Todos bonaerense, Mar\u00eda Teresa Garc\u00eda.<\/p>\n\n\n\n<p>El Frente Renovador form\u00f3 con el ministro de Econom\u00eda: Sergio Massa, la presidenta de la C\u00e1mara de Diputados: Cecilia Moreau, el diputado bonaerense Ruben Eslaiman, el intendente de San Fernando: Juan Andreotti, la titular de AySA: Malena Galmarini, y el ministro de Transporte: Diego Giuliano.<\/p>\n\n\n\n<p>Por los gobernadores se sumaron Axel Kicillof, de Buenos Aires; Jorge Capitanich, de Chaco; Mariano Arcioni, de Chubut; Gustavo Bordet, de Entre R\u00edos, y Gerardo Zamora, de Santiago del Estero.<\/p>\n\n\n\n<p>Los jefes de la CGT: H\u00e9ctor D\u00e1er, Carlos Acu\u00f1a y Pablo Moyano; el de la CTA: Hugo Yasky: y el secretario general de la Uni\u00f3n Obrera Metal\u00fargica: Abel Furl\u00e1n, representaron al sindicalismo oficialista.<\/p>\n\n\n\n<p>La mesa se complet\u00f3 con los intendentes bonaerenses dee Ensenada: Mario Secco, de La Matanza: Fernando Espinoza, de Quilmes: Mayra Mendoza, de Berazategui: Juan Mussi, de Ituzaing\u00f3: Alberto Descalzo, de Moreno: Mariel Fern\u00e1ndez, y de Mor\u00f3n: Lucas Ghi.<\/p>\n\n\n\n<p>Una constante de todos los sectores representados en la Mesa Pol\u00edtica del Frente de Todos, es la supremac\u00eda del \u201csexo fuerte\u201d. El cristinismo, el Frente Renovador y los intendentes asistieron con 4 varones y 2 mujeres. El Albertismo alist\u00f3 5 y una. Pero los m\u00e1s machirulos fueron los gobernadores y los sindicalistas, que fueron representados exclusivamente por hombres.<\/p>\n\n\n\n<p>En total, participaron 27 varones y 7 mujeres. Esto a pesar de tratarse de dirigentes o referetes clave del PJ, el primer partido en consagrar la igualdad de g\u00e9nero en su representaci\u00f3n.<\/p>\n","protected":false},"excerpt":{"rendered":"<p>El presidente de la Naci\u00f3n: Alberto Fern\u00e1ndez, encabez\u00f3 la primera reuni\u00f3n de la Mesa Pol\u00edtica del Frente de Todos, que convocara en su car\u00e1cter de presidente del Partido Justicialista para debatir cuestiones electorales del oficialismo. Fueron convocados referentes de su sector, del que lidera la vicepresidente Cristina Fern\u00e1ndez, y el Frente Renovador del ministro de [&hellip;]<\/p>\n","protected":false},"author":1,"featured_media":882,"comment_status":"open","ping_status":"open","sticky":false,"template":"","format":"standard","meta":{"footnotes":""},"categories":[27],"tags":[68,609,453,349,610,35,248],"class_list":["post-881","post","type-post","status-publish","format-standard","has-post-thumbnail","hentry","category-politica","tag-alberto","tag-axel","tag-cristina","tag-frente-de-todos","tag-kirchner","tag-kirchnerismo","tag-pj"],"_links":{"self":[{"href":"https:\/\/hdpnoticias.com.ar\/index.php?rest_route=\/wp\/v2\/posts\/881","targetHints":{"allow":["GET"]}}],"collection":[{"href":"https:\/\/hdpnoticias.com.ar\/index.php?rest_route=\/wp\/v2\/posts"}],"about":[{"href":"https:\/\/hdpnoticias.com.ar\/index.php?rest_route=\/wp\/v2\/types\/post"}],"author":[{"embeddable":true,"href":"https:\/\/hdpnoticias.com.ar\/index.php?rest_route=\/wp\/v2\/users\/1"}],"replies":[{"embeddable":true,"href":"https:\/\/hdpnoticias.com.ar\/index.php?rest_route=%2Fwp%2Fv2%2Fcomments&post=881"}],"version-history":[{"count":1,"href":"https:\/\/hdpnoticias.com.ar\/index.php?rest_route=\/wp\/v2\/posts\/881\/revisions"}],"predecessor-version":[{"id":883,"href":"https:\/\/hdpnoticias.com.ar\/index.php?rest_route=\/wp\/v2\/posts\/881\/revisions\/883"}],"wp:featuredmedia":[{"embeddable":true,"href":"https:\/\/hdpnoticias.com.ar\/index.php?rest_route=\/wp\/v2\/media\/882"}],"wp:attachment":[{"href":"https:\/\/hdpnoticias.com.ar\/index.php?rest_route=%2Fwp%2Fv2%2Fmedia&parent=881"}],"wp:term":[{"taxonomy":"category","embeddable":true,"href":"https:\/\/hdpnoticias.com.ar\/index.php?rest_route=%2Fwp%2Fv2%2Fcategories&post=881"},{"taxonomy":"post_tag","embeddable":true,"href":"https:\/\/hdpnoticias.com.ar\/index.php?rest_route=%2Fwp%2Fv2%2Ftags&post=881"}],"curies":[{"name":"wp","href":"https:\/\/api.w.org\/{rel}","templated":true}]}}