{"id":8803,"date":"2024-10-01T16:23:29","date_gmt":"2024-10-01T19:23:29","guid":{"rendered":"https:\/\/hdpnoticias.com.ar\/?p=8803"},"modified":"2024-10-01T16:23:30","modified_gmt":"2024-10-01T19:23:30","slug":"zdero-apunto-a-los-resentidos-que-se-oponen-al-progreso-de-los-chaquenos","status":"publish","type":"post","link":"https:\/\/hdpnoticias.com.ar\/?p=8803","title":{"rendered":"Zdero apunt\u00f3 a &#8220;los resentidos que se oponen al progreso de los chaque\u00f1os&#8221;"},"content":{"rendered":"\n<figure class=\"wp-block-image size-full\"><img loading=\"lazy\" decoding=\"async\" width=\"728\" height=\"90\" src=\"http:\/\/hdpnoticias.com.ar\/wp-content\/uploads\/2024\/05\/Nachec.gif\" alt=\"\" class=\"wp-image-6814\"\/><\/figure>\n\n\n\n<p>El gobernador Leandro Zdero regres\u00f3 a la provincia tras las gestiones realizadas el lunes ante estamentos del Gobierno nacional y este martes, rodeado de funcionarios, intendentes y diputados, se refiri\u00f3 al rechazo legislativo de su proyecto para declarar la remergencia energ\u00e9tica e h\u00eddrica en toda la provincia y la autorizaci\u00f3n para la toma de un cr\u00e9dito de hasta 150 millones de d\u00f3lares.<\/p>\n\n\n\n<p>\u201cLos resentidos que a\u00fan no asimilan el resultado electoral del a\u00f1o pasado, votaron contra el progreso de los chaque\u00f1os\u201d, dijo en referencia a los 8 legisladores del Frente Chaque\u00f1o que votaron en contra, m\u00e1s los 4 que se abstuvieron de votar; tambi\u00e9n Dar\u00edo Bacileff Ivanoff, del Frente Integrados, se opuso.<\/p>\n\n\n\n<p>\u201cLes cuesta creer que en pocos meses hayamos resuelto problemas que ellos no pudieron resolver en 16 a\u00f1os o, peor a\u00fan, que ellos mismos generaron\u201d, dispar\u00f3 sobre la contingencia que enfrente la provincia en materia energ\u00e9tica, y agreg\u00f3: \u201cComo ellos no lo hicieron, se oponen a que nosotros lo hagamos\u201d.<\/p>\n\n\n\n<p>Para \u00e9l no hay dudas de que \u201cdetr\u00e1s de esta operaci\u00f3n est\u00e1 la persona oscura que es Capitanich\u201d, en alusi\u00f3n a la directiva del exgobernador y presidente del PJ, que instruy\u00f3 a los diputados peronistas a oponerse bajo apercibimiento de recibir sanciones en el \u00e1mbito partidario.<\/p>\n\n\n\n<p>\u201cComo diputado, vot\u00e9 todos los empr\u00e9stitos pedidos por Capitanich, porque entend\u00ed que el objetivo era mejorar la calidad de vida de los chaque\u00f1os, aunque despu\u00e9s la plata desaparec\u00eda, como desapareci\u00f3 el cr\u00e9dito para el Segundo Acueducto del Interior que estamos pagando a pesar de que la obra nunca se termin\u00f3\u201d, dijo, y remat\u00f3: \u201cLa plata desaparec\u00eda o iba a parar a la corrupci\u00f3n que alimentaba a los piqueteros o las fundaciones truchas a trav\u00e9s del Iafep\u201d.<\/p>\n\n\n\n<p>En otro tono, agradeci\u00f3 a \u201clos diputados que entendieron las necesidades de los chaque\u00f1os y votaron en consecuencia: los oficialistas, pero fundamentalmente a los 4 opositores que no se dejaron amedrentar y eligieron el progreso que proponemos\u201d, esto \u00faltimo en alusi\u00f3n al peronista Juan Carlos Ayala, y a Juan Jos\u00e9 Bergia, del Nepar, ambos integrantes del interbloque Frente Chaque\u00f1o, y a las diputadas Gricelda Ojeda y Andrea Charole, de la Corriente de Expresi\u00f3n Renovada que lidera Gustavo Mart\u00ednez.<\/p>\n","protected":false},"excerpt":{"rendered":"<p>El gobernador Leandro Zdero regres\u00f3 a la provincia tras las gestiones realizadas el lunes ante estamentos del Gobierno nacional y este martes, rodeado de funcionarios, intendentes y diputados, se refiri\u00f3 al rechazo legislativo de su proyecto para declarar la remergencia energ\u00e9tica e h\u00eddrica en toda la provincia y la autorizaci\u00f3n para la toma de un [&hellip;]<\/p>\n","protected":false},"author":1,"featured_media":8804,"comment_status":"open","ping_status":"open","sticky":false,"template":"","format":"standard","meta":{"footnotes":""},"categories":[27],"tags":[],"class_list":["post-8803","post","type-post","status-publish","format-standard","has-post-thumbnail","hentry","category-politica"],"_links":{"self":[{"href":"https:\/\/hdpnoticias.com.ar\/index.php?rest_route=\/wp\/v2\/posts\/8803","targetHints":{"allow":["GET"]}}],"collection":[{"href":"https:\/\/hdpnoticias.com.ar\/index.php?rest_route=\/wp\/v2\/posts"}],"about":[{"href":"https:\/\/hdpnoticias.com.ar\/index.php?rest_route=\/wp\/v2\/types\/post"}],"author":[{"embeddable":true,"href":"https:\/\/hdpnoticias.com.ar\/index.php?rest_route=\/wp\/v2\/users\/1"}],"replies":[{"embeddable":true,"href":"https:\/\/hdpnoticias.com.ar\/index.php?rest_route=%2Fwp%2Fv2%2Fcomments&post=8803"}],"version-history":[{"count":1,"href":"https:\/\/hdpnoticias.com.ar\/index.php?rest_route=\/wp\/v2\/posts\/8803\/revisions"}],"predecessor-version":[{"id":8805,"href":"https:\/\/hdpnoticias.com.ar\/index.php?rest_route=\/wp\/v2\/posts\/8803\/revisions\/8805"}],"wp:featuredmedia":[{"embeddable":true,"href":"https:\/\/hdpnoticias.com.ar\/index.php?rest_route=\/wp\/v2\/media\/8804"}],"wp:attachment":[{"href":"https:\/\/hdpnoticias.com.ar\/index.php?rest_route=%2Fwp%2Fv2%2Fmedia&parent=8803"}],"wp:term":[{"taxonomy":"category","embeddable":true,"href":"https:\/\/hdpnoticias.com.ar\/index.php?rest_route=%2Fwp%2Fv2%2Fcategories&post=8803"},{"taxonomy":"post_tag","embeddable":true,"href":"https:\/\/hdpnoticias.com.ar\/index.php?rest_route=%2Fwp%2Fv2%2Ftags&post=8803"}],"curies":[{"name":"wp","href":"https:\/\/api.w.org\/{rel}","templated":true}]}}