{"id":8798,"date":"2024-09-30T22:41:00","date_gmt":"2024-10-01T01:41:00","guid":{"rendered":"https:\/\/hdpnoticias.com.ar\/?p=8798"},"modified":"2024-10-08T11:25:51","modified_gmt":"2024-10-08T14:25:51","slug":"intendente-de-villa-berthet-protagonizo-un-choque-y-vuelco-en-la-ruta-4-hay-un-muerto","status":"publish","type":"post","link":"https:\/\/hdpnoticias.com.ar\/?p=8798","title":{"rendered":"Intendente de Villa Berthet protagoniz\u00f3 un choque y vuelco en la ruta 4: hay un muerto"},"content":{"rendered":"\n<figure class=\"wp-block-image size-full\"><img loading=\"lazy\" decoding=\"async\" width=\"720\" height=\"90\" src=\"http:\/\/hdpnoticias.com.ar\/wp-content\/uploads\/2024\/05\/Obras-Publicas.gif\" alt=\"\" class=\"wp-image-6818\"\/><\/figure>\n\n\n\n<p>El intendente de Villa Berthet: Germ\u00e1n Honcheruk, protagoniz\u00f3 un brutal accidente en la ruta provincial 4, que termin\u00f3 con una persona muerta.<\/p>\n\n\n\n<p>Conduc\u00eda una Renault Alaskan de la Municipalidad de Villa Berthet cuando alrededor de las 20 se top\u00f3 con un Fiat 147, al que embisti\u00f3 al intentar esquivarlo.<\/p>\n\n\n\n<p>Producto de la maniobra, la camioneta volc\u00f3 y el auto en el que viajaban 2 personas termin\u00f3 reducido a chatarra.<\/p>\n\n\n\n<p>El conductor del Fiat: V\u00edctor Isidro G\u00f3mez, de 23 a\u00f1os, muri\u00f3 en el acto.<\/p>\n\n\n\n<p>El intendente sufri\u00f3 traumatismo de cr\u00e1neo grave, fue auxiliado y trasladado al Sanatorio Santa Mar\u00eda, mientras el otro ocupante del auto: Ceferino G\u00f3mez, de 70 a\u00f1os, tambi\u00e9n con traumatismo de cr\u00e1neo grave, fue derivado al hospital 4 de Junio, ambos centros asistenciales de Presidencia Roque S\u00e1enz Pe\u00f1a.<\/p>\n","protected":false},"excerpt":{"rendered":"<p>El intendente de Villa Berthet: Germ\u00e1n Honcheruk, protagoniz\u00f3 un brutal accidente en la ruta provincial 4, que termin\u00f3 con una persona muerta. Conduc\u00eda una Renault Alaskan de la Municipalidad de Villa Berthet cuando alrededor de las 20 se top\u00f3 con un Fiat 147, al que embisti\u00f3 al intentar esquivarlo. Producto de la maniobra, la camioneta [&hellip;]<\/p>\n","protected":false},"author":1,"featured_media":8799,"comment_status":"open","ping_status":"open","sticky":false,"template":"","format":"standard","meta":{"footnotes":""},"categories":[26,27],"tags":[],"class_list":["post-8798","post","type-post","status-publish","format-standard","has-post-thumbnail","hentry","category-policiales","category-politica"],"_links":{"self":[{"href":"https:\/\/hdpnoticias.com.ar\/index.php?rest_route=\/wp\/v2\/posts\/8798","targetHints":{"allow":["GET"]}}],"collection":[{"href":"https:\/\/hdpnoticias.com.ar\/index.php?rest_route=\/wp\/v2\/posts"}],"about":[{"href":"https:\/\/hdpnoticias.com.ar\/index.php?rest_route=\/wp\/v2\/types\/post"}],"author":[{"embeddable":true,"href":"https:\/\/hdpnoticias.com.ar\/index.php?rest_route=\/wp\/v2\/users\/1"}],"replies":[{"embeddable":true,"href":"https:\/\/hdpnoticias.com.ar\/index.php?rest_route=%2Fwp%2Fv2%2Fcomments&post=8798"}],"version-history":[{"count":3,"href":"https:\/\/hdpnoticias.com.ar\/index.php?rest_route=\/wp\/v2\/posts\/8798\/revisions"}],"predecessor-version":[{"id":8895,"href":"https:\/\/hdpnoticias.com.ar\/index.php?rest_route=\/wp\/v2\/posts\/8798\/revisions\/8895"}],"wp:featuredmedia":[{"embeddable":true,"href":"https:\/\/hdpnoticias.com.ar\/index.php?rest_route=\/wp\/v2\/media\/8799"}],"wp:attachment":[{"href":"https:\/\/hdpnoticias.com.ar\/index.php?rest_route=%2Fwp%2Fv2%2Fmedia&parent=8798"}],"wp:term":[{"taxonomy":"category","embeddable":true,"href":"https:\/\/hdpnoticias.com.ar\/index.php?rest_route=%2Fwp%2Fv2%2Fcategories&post=8798"},{"taxonomy":"post_tag","embeddable":true,"href":"https:\/\/hdpnoticias.com.ar\/index.php?rest_route=%2Fwp%2Fv2%2Ftags&post=8798"}],"curies":[{"name":"wp","href":"https:\/\/api.w.org\/{rel}","templated":true}]}}