{"id":8795,"date":"2024-10-01T06:18:51","date_gmt":"2024-10-01T09:18:51","guid":{"rendered":"https:\/\/hdpnoticias.com.ar\/?p=8795"},"modified":"2024-10-01T06:18:53","modified_gmt":"2024-10-01T09:18:53","slug":"crisis-energetica-el-coquismo-se-opuso-y-no-habra-credito-para-la-emergencia","status":"publish","type":"post","link":"https:\/\/hdpnoticias.com.ar\/?p=8795","title":{"rendered":"Crisis energ\u00e9tica: el coquismo se opuso y no habr\u00e1 cr\u00e9dito para la emergencia"},"content":{"rendered":"\n<figure class=\"wp-block-image size-full\"><img loading=\"lazy\" decoding=\"async\" width=\"720\" height=\"90\" src=\"http:\/\/hdpnoticias.com.ar\/wp-content\/uploads\/2024\/05\/Obras-Publicas.gif\" alt=\"\" class=\"wp-image-6818\"\/><\/figure>\n\n\n\n<p>El proyecto del Poder Ejecutivo de declaraci\u00f3n del estado de emergencia energ\u00e9tica e h\u00eddrica en la provincia y la autorizaci\u00f3n para la gesti\u00f3n de un cr\u00e9dito de hasta 150 millones de d\u00f3lares para paliar la situaci\u00f3n, no consigui\u00f3 los 22 votos necesarios en la Legislatura para su aprobaci\u00f3n.<\/p>\n\n\n\n<p>La sesi\u00f3n que hab\u00eda pasado a cuarto intermedio el \u00faltimo mi\u00e9rcoles fue reanudada alrededor de las 19 de este lunes y tras un debate de alrededor de 8 horas, la madrugada de este martes fue sometido a votaci\u00f3n.<\/p>\n\n\n\n<p>La iniciativa consigui\u00f3 el respaldo de los 15 legisladores de Juntos por el Cambio, m\u00e1s los de Andrea Charole y Gricelda Ojeda, de la Corriente de Expresi\u00f3n Renovada que lidera Gustavo Mart\u00ednez, y del peronista Juan Carlos Ayala y Juan Jos\u00e9 Bergia, del Nuevo Espacio de Participaci\u00f3n, ambos del Frente Chaque\u00f1o.<\/p>\n\n\n\n<p>El jefe del interbloque Frente Chaque\u00f1o: Atlanto Honcheruk, el jefe del bloque del PJ: Nicol\u00e1s Slimel, y otros 2 integrantes de esta bancada: Rub\u00e9n Guill\u00f3n y Josefina Gonz\u00e1lez, se abstuvieron.<\/p>\n\n\n\n<p>El resto del Frente Chaque\u00f1o que responde a Jorge Capitanich, y Dar\u00edo Bacileff Ivanoff, del Frente Integrador, votaron en contra. El exgobernador, adem\u00e1s presidente del Consejo Provincial del Partido Justicialista, hab\u00eda mandado a sus diputados a votar en contra y amenaz\u00f3  con sanciones a quienes desoyeran esta directiva.<\/p>\n\n\n\n<p>As\u00ed, a pesar de que todos los legisladores coincidieron en que la provincia atraviesa una crisis energ\u00e9tica e h\u00eddrica por el d\u00e9ficit de infraestructura de energ\u00eda el\u00e9ctrica y agua potable, y en la necesidad de obtener fondos para enfrentar esta contingencia que se agravar\u00e1 durante el verano, no habr\u00e1 declaraci\u00f3n de emergencia.<\/p>\n\n\n\n<p>El coquismo insisti\u00f3 en impulsar un proyecto autor\u00eda de 10 de sus diputados, presentado la semana pasada, en el que impone sus condiciones al Poder Ejecutivo, pero la moci\u00f3n no prosper\u00f3.<\/p>\n\n\n\n<p>Como alternativa, Honcheruk y Slimel pidieron la vuelta a comisi\u00f3n del proyecto oficialista pero tampoco lograron los votos necesarios para volver a posponer el debate.<\/p>\n\n\n\n<p>En el camino qued\u00f3 el reclamo de los intendentes, incluidos los del Frente Chaque\u00f1o, que pidieron hasta \u00faltimo momento a los legisladores la aprobaci\u00f3n del cr\u00e9dito para evitar un colapso energ\u00e9tico e h\u00eddrico que consideran inminente.<\/p>\n","protected":false},"excerpt":{"rendered":"<p>El proyecto del Poder Ejecutivo de declaraci\u00f3n del estado de emergencia energ\u00e9tica e h\u00eddrica en la provincia y la autorizaci\u00f3n para la gesti\u00f3n de un cr\u00e9dito de hasta 150 millones de d\u00f3lares para paliar la situaci\u00f3n, no consigui\u00f3 los 22 votos necesarios en la Legislatura para su aprobaci\u00f3n. La sesi\u00f3n que hab\u00eda pasado a cuarto [&hellip;]<\/p>\n","protected":false},"author":1,"featured_media":8796,"comment_status":"open","ping_status":"open","sticky":false,"template":"","format":"standard","meta":{"footnotes":""},"categories":[27],"tags":[],"class_list":["post-8795","post","type-post","status-publish","format-standard","has-post-thumbnail","hentry","category-politica"],"_links":{"self":[{"href":"https:\/\/hdpnoticias.com.ar\/index.php?rest_route=\/wp\/v2\/posts\/8795","targetHints":{"allow":["GET"]}}],"collection":[{"href":"https:\/\/hdpnoticias.com.ar\/index.php?rest_route=\/wp\/v2\/posts"}],"about":[{"href":"https:\/\/hdpnoticias.com.ar\/index.php?rest_route=\/wp\/v2\/types\/post"}],"author":[{"embeddable":true,"href":"https:\/\/hdpnoticias.com.ar\/index.php?rest_route=\/wp\/v2\/users\/1"}],"replies":[{"embeddable":true,"href":"https:\/\/hdpnoticias.com.ar\/index.php?rest_route=%2Fwp%2Fv2%2Fcomments&post=8795"}],"version-history":[{"count":1,"href":"https:\/\/hdpnoticias.com.ar\/index.php?rest_route=\/wp\/v2\/posts\/8795\/revisions"}],"predecessor-version":[{"id":8797,"href":"https:\/\/hdpnoticias.com.ar\/index.php?rest_route=\/wp\/v2\/posts\/8795\/revisions\/8797"}],"wp:featuredmedia":[{"embeddable":true,"href":"https:\/\/hdpnoticias.com.ar\/index.php?rest_route=\/wp\/v2\/media\/8796"}],"wp:attachment":[{"href":"https:\/\/hdpnoticias.com.ar\/index.php?rest_route=%2Fwp%2Fv2%2Fmedia&parent=8795"}],"wp:term":[{"taxonomy":"category","embeddable":true,"href":"https:\/\/hdpnoticias.com.ar\/index.php?rest_route=%2Fwp%2Fv2%2Fcategories&post=8795"},{"taxonomy":"post_tag","embeddable":true,"href":"https:\/\/hdpnoticias.com.ar\/index.php?rest_route=%2Fwp%2Fv2%2Ftags&post=8795"}],"curies":[{"name":"wp","href":"https:\/\/api.w.org\/{rel}","templated":true}]}}