{"id":878,"date":"2023-02-17T11:35:32","date_gmt":"2023-02-17T14:35:32","guid":{"rendered":"http:\/\/hdpnoticias.com.ar\/?p=878"},"modified":"2023-03-10T09:28:20","modified_gmt":"2023-03-10T12:28:20","slug":"video-capitanich-reconocio-que-cristina-esta-proscripta-por-su-propia-voluntad","status":"publish","type":"post","link":"https:\/\/hdpnoticias.com.ar\/?p=878","title":{"rendered":"VIDEO | Capitanich reconoci\u00f3 que Cristina est\u00e1 \u201cproscripta\u201d por su propia voluntad"},"content":{"rendered":"\n<p>La noche del jueves se reuni\u00f3 por primera vez la \u201cmesa pol\u00edtica\u201d del Frente de Todos convocada por el presidente de la Naci\u00f3n y del Partido Justicialista: Alberto Fern\u00e1ndez, con el objetivo de definir las \u201creglas\u201d de la interna hacia las elecciones presidenciales.<\/p>\n\n\n\n<p>Alberto pretend\u00eda debatir exclusivamente cuestiones electorales, pero el kirchnerismo forz\u00f3 la inclusi\u00f3n de la \u201cproscripci\u00f3n\u201d de la vicepresidente Cristina Fern\u00e1ndez como tema central.<\/p>\n\n\n\n<p>Seg\u00fan este discurso, la vicepresidente est\u00e1 proscripta por el \u201cpoder real, los grupos econ\u00f3micos y los medios hegem\u00f3nicos\u201d, versi\u00f3n que se acentu\u00f3 de boca de la propia Cristina el d\u00eda que fue condenada a 6 a\u00f1os de c\u00e1rcel por corrupci\u00f3n e inhabilitada para siempre para desempe\u00f1ar cargos p\u00fablicos; sentencia que reci\u00e9n podr\u00e1 aplicarse cuando la sentencia quede firme.<\/p>\n\n\n\n<p>Ese d\u00eda, ella asever\u00f3 que no ser\u00eda candidata a nada, y que el 10 de diciembre \u201cMagnetto podr\u00eda ordenar a sus esbirros de la C\u00e1mara de Casaci\u00f3n y de la Corte Suprema\u201d, que la metan \u201cpresa\u201d.<\/p>\n\n\n\n<p>No obstante, en el documento emitido tras el encuentro, el oficialismo insiste en que la vicepresidente est\u00e1 proscripta, excepto el gobernador de Chaco: Jorge Capitanich que en un acto fallido admiti\u00f3 que simplemente <strong><a href=\"https:\/\/fb.watch\/iLibUg8fop\/\" target=\"_blank\" rel=\"noreferrer noopener\">fue Cristina quien decidi\u00f3 apartarse de las listas<\/a><\/strong>.<\/p>\n\n\n\n<p>&#8220;Una estrategia para evitar la proscripci\u00f3n de Cristina, eso significa un plan de acci\u00f3n y obviamente una comisi\u00f3n a los efectos de <strong><a href=\"https:\/\/fb.watch\/iLibUg8fop\/\" target=\"_blank\" rel=\"noreferrer noopener\">lograr que ella desista de la voluntad de no participar como candidata<\/a><\/strong>\u201d, dijo al salir de la reuni\u00f3n, sobre el plan a seguir. Y reiter\u00f3: \u201cHay una comisi\u00f3n que va a hablar con ella\u201d.<\/p>\n\n\n\n<p><\/p>\n","protected":false},"excerpt":{"rendered":"<p>La noche del jueves se reuni\u00f3 por primera vez la \u201cmesa pol\u00edtica\u201d del Frente de Todos convocada por el presidente de la Naci\u00f3n y del Partido Justicialista: Alberto Fern\u00e1ndez, con el objetivo de definir las \u201creglas\u201d de la interna hacia las elecciones presidenciales. Alberto pretend\u00eda debatir exclusivamente cuestiones electorales, pero el kirchnerismo forz\u00f3 la inclusi\u00f3n [&hellip;]<\/p>\n","protected":false},"author":1,"featured_media":879,"comment_status":"open","ping_status":"open","sticky":false,"template":"","format":"standard","meta":{"footnotes":""},"categories":[27],"tags":[68,29,37,291,453,405,349,35,248,608],"class_list":["post-878","post","type-post","status-publish","format-standard","has-post-thumbnail","hentry","category-politica","tag-alberto","tag-capitanich","tag-chaco","tag-corrupcion","tag-cristina","tag-fernandez","tag-frente-de-todos","tag-kirchnerismo","tag-pj","tag-proscripcion"],"_links":{"self":[{"href":"https:\/\/hdpnoticias.com.ar\/index.php?rest_route=\/wp\/v2\/posts\/878","targetHints":{"allow":["GET"]}}],"collection":[{"href":"https:\/\/hdpnoticias.com.ar\/index.php?rest_route=\/wp\/v2\/posts"}],"about":[{"href":"https:\/\/hdpnoticias.com.ar\/index.php?rest_route=\/wp\/v2\/types\/post"}],"author":[{"embeddable":true,"href":"https:\/\/hdpnoticias.com.ar\/index.php?rest_route=\/wp\/v2\/users\/1"}],"replies":[{"embeddable":true,"href":"https:\/\/hdpnoticias.com.ar\/index.php?rest_route=%2Fwp%2Fv2%2Fcomments&post=878"}],"version-history":[{"count":3,"href":"https:\/\/hdpnoticias.com.ar\/index.php?rest_route=\/wp\/v2\/posts\/878\/revisions"}],"predecessor-version":[{"id":1227,"href":"https:\/\/hdpnoticias.com.ar\/index.php?rest_route=\/wp\/v2\/posts\/878\/revisions\/1227"}],"wp:featuredmedia":[{"embeddable":true,"href":"https:\/\/hdpnoticias.com.ar\/index.php?rest_route=\/wp\/v2\/media\/879"}],"wp:attachment":[{"href":"https:\/\/hdpnoticias.com.ar\/index.php?rest_route=%2Fwp%2Fv2%2Fmedia&parent=878"}],"wp:term":[{"taxonomy":"category","embeddable":true,"href":"https:\/\/hdpnoticias.com.ar\/index.php?rest_route=%2Fwp%2Fv2%2Fcategories&post=878"},{"taxonomy":"post_tag","embeddable":true,"href":"https:\/\/hdpnoticias.com.ar\/index.php?rest_route=%2Fwp%2Fv2%2Ftags&post=878"}],"curies":[{"name":"wp","href":"https:\/\/api.w.org\/{rel}","templated":true}]}}