{"id":8765,"date":"2024-09-27T12:43:17","date_gmt":"2024-09-27T15:43:17","guid":{"rendered":"https:\/\/hdpnoticias.com.ar\/?p=8765"},"modified":"2024-10-10T11:27:45","modified_gmt":"2024-10-10T14:27:45","slug":"capitanich-niega-su-deuda-con-cammesa-dejamos-las-cuentas-saneadas","status":"publish","type":"post","link":"https:\/\/hdpnoticias.com.ar\/?p=8765","title":{"rendered":"Capitanich niega su deuda con Cammesa: Dejamos las cuentas saneadas"},"content":{"rendered":"\n<figure class=\"wp-block-image size-full\"><img loading=\"lazy\" decoding=\"async\" width=\"728\" height=\"90\" src=\"http:\/\/hdpnoticias.com.ar\/wp-content\/uploads\/2024\/05\/Nachec.gif\" alt=\"\" class=\"wp-image-6814\"\/><\/figure>\n\n\n\n<p>El exgobernaor Jorge Capitanich hizo otra aparici\u00f3n, esta vez para referirse a la situaci\u00f3n energ\u00e9tica que atraviesa la provincia y reiterar su rechazo a la toma de cr\u00e9dito solicitada por el gobernador Leandro Zdero para hacer frente a la emergencia en la materia.<\/p>\n\n\n\n<p>\u201cEndeudaron a la empresa Secheep con Cammesa por 23000 M de pesos cuando nosotros dejamos saneadas las cuentas\u201d, dijo sobre las finanzas de la compa\u00f1\u00eda provincial y la deuda con la proveedora mayorista.<\/p>\n\n\n\n<p>Esto, a pesar de \u201cuna deuda de arrastre del tarifazo macrista que cont\u00f3 con la complicidad de Zdero en la C\u00e1mara de Diputados de la Provincia y de todo el bloque de Cambiemos por 3000 %\u201d.<\/p>\n\n\n\n<p>Resulta llamativa la insistencia de Capitanich en la cuesti\u00f3n a pesar de haber sido desmentido en cada intento, no s\u00f3lo por sus detractores, sino por su propio partidario, el exgobernador Domingo Peppo.<\/p>\n\n\n\n<p>Justamente durante la gesti\u00f3n de Peppo el Poder Ejecutivo requiri\u00f3 a la Legislatura la autorizaci\u00f3n para gestionar un pr\u00e9stamo destinado al pago de la deuda con Cammesa heredada en 2015 de la gesti\u00f3n de Capitanich.<\/p>\n\n\n\n<p>El mismo Peppo remarc\u00f3 en reiteradas oportunidades los alcances del acuerdo por la refinanciaci\u00f3n de la deuda y asegur\u00f3 haber dejado el plan de pago al d\u00eda y al finalizar su mandato el dinero disponible para la \u00faltima cuota de 2019, m\u00e1s acreencias para cancelar totalmente lo adeudado.<\/p>\n\n\n\n<p>Sin embargo, su sucesor incumpli\u00f3 el acuerdo y la deuda comenz\u00f3 a crecer. En principio, atribuy\u00f3 a la ca\u00edda de los ingresos por la merma de la actividad producto de la pandemia de Covid, pero la pandemia transcurri\u00f3 y el ritmo de morosidad se sostuvo.<\/p>\n\n\n\n<p>Seg\u00fan public\u00f3 oportunamente el propio gobierno de Capitanich en su sitio oficial, al 30 de septiembre de 2020 llevaba acumulada una deuda de 7.905 millones de pesos, y hab\u00eda logrado una condonaci\u00f3n de 2.646 millones.<\/p>\n\n\n\n<p>Pero el alivio dur\u00f3 poco, porque en diciembre de 2022, seg\u00fan public\u00f3 el mismo Gobierno, la deuda ya hab\u00eda superado los 33.000 millones de pesos. \u00c9sta fue reprogramada en 96 cuotas cuyos vencimientos operar\u00edan reci\u00e9n a partir de 2024. El convenio fue firmado con la entonces Secretaria de Energ\u00eda: Flavia Roy\u00f3n y promocionado por Capitanich y su ministro de Infraestructura, Econom\u00eda y Planificaci\u00f3n: el hoy diputado Santiago P\u00e9rez Pons, como un \u00e9xito, haciendo especial hincapi\u00e9 en la quita de un porcentaje de los intereses, pero sin mencionar el grueso de la deuda que por la reprogramaci\u00f3n se hab\u00eda incrementado casi 1000%.<\/p>\n\n\n\n<p>Para mantener vigente ese plan, la Provincia deb\u00eda mantener al d\u00eda sus boletas de luz con Cammesa, pero no lo hizo. Entonces, para asegurarse el pago, el ministro de Econom\u00eda de la Naci\u00f3n, en aquel momento: Sergio Massa, llam\u00f3 a Capitanich para \u201cratificar\u201d el convenio, esta vez poniendo expresamente como garant\u00eda los d\u00e9bitos autom\u00e1ticos de la cuenta de fondos de coparticipaci\u00f3n.<\/p>\n\n\n\n<p>Apenas asumidas las nuevas autoridades gubernamentales y de Secheep, expusieron que el volumen de la deuda heredada del tercer gobierno de Capitanich ascend\u00eda a 310.000 millones de pesos. Nadie lo desminti\u00f3.<\/p>\n\n\n\n<figure class=\"wp-block-image size-large\"><img loading=\"lazy\" decoding=\"async\" width=\"1024\" height=\"851\" src=\"http:\/\/hdpnoticias.com.ar\/wp-content\/uploads\/2023\/03\/Deuda-historica-1-1024x851.jpg\" alt=\"\" class=\"wp-image-1528\" srcset=\"https:\/\/hdpnoticias.com.ar\/wp-content\/uploads\/2023\/03\/Deuda-historica-1-1024x851.jpg 1024w, https:\/\/hdpnoticias.com.ar\/wp-content\/uploads\/2023\/03\/Deuda-historica-1-300x249.jpg 300w, https:\/\/hdpnoticias.com.ar\/wp-content\/uploads\/2023\/03\/Deuda-historica-1-768x638.jpg 768w, https:\/\/hdpnoticias.com.ar\/wp-content\/uploads\/2023\/03\/Deuda-historica-1-696x578.jpg 696w, https:\/\/hdpnoticias.com.ar\/wp-content\/uploads\/2023\/03\/Deuda-historica-1-1068x887.jpg 1068w, https:\/\/hdpnoticias.com.ar\/wp-content\/uploads\/2023\/03\/Deuda-historica-1-506x420.jpg 506w, https:\/\/hdpnoticias.com.ar\/wp-content\/uploads\/2023\/03\/Deuda-historica-1.jpg 1194w\" sizes=\"auto, (max-width: 1024px) 100vw, 1024px\" \/><figcaption class=\"wp-element-caption\">El propio gobierno de Capitanich admit\u00eda la acumulaci\u00f3n permanente de deuda con Cammesa, aunque la atribu\u00eda a la pesada herencia.<\/figcaption><\/figure>\n","protected":false},"excerpt":{"rendered":"<p>El exgobernaor Jorge Capitanich hizo otra aparici\u00f3n, esta vez para referirse a la situaci\u00f3n energ\u00e9tica que atraviesa la provincia y reiterar su rechazo a la toma de cr\u00e9dito solicitada por el gobernador Leandro Zdero para hacer frente a la emergencia en la materia. \u201cEndeudaron a la empresa Secheep con Cammesa por 23000 M de pesos [&hellip;]<\/p>\n","protected":false},"author":1,"featured_media":3771,"comment_status":"open","ping_status":"open","sticky":false,"template":"","format":"standard","meta":{"footnotes":""},"categories":[27],"tags":[],"class_list":["post-8765","post","type-post","status-publish","format-standard","has-post-thumbnail","hentry","category-politica"],"_links":{"self":[{"href":"https:\/\/hdpnoticias.com.ar\/index.php?rest_route=\/wp\/v2\/posts\/8765","targetHints":{"allow":["GET"]}}],"collection":[{"href":"https:\/\/hdpnoticias.com.ar\/index.php?rest_route=\/wp\/v2\/posts"}],"about":[{"href":"https:\/\/hdpnoticias.com.ar\/index.php?rest_route=\/wp\/v2\/types\/post"}],"author":[{"embeddable":true,"href":"https:\/\/hdpnoticias.com.ar\/index.php?rest_route=\/wp\/v2\/users\/1"}],"replies":[{"embeddable":true,"href":"https:\/\/hdpnoticias.com.ar\/index.php?rest_route=%2Fwp%2Fv2%2Fcomments&post=8765"}],"version-history":[{"count":1,"href":"https:\/\/hdpnoticias.com.ar\/index.php?rest_route=\/wp\/v2\/posts\/8765\/revisions"}],"predecessor-version":[{"id":8766,"href":"https:\/\/hdpnoticias.com.ar\/index.php?rest_route=\/wp\/v2\/posts\/8765\/revisions\/8766"}],"wp:featuredmedia":[{"embeddable":true,"href":"https:\/\/hdpnoticias.com.ar\/index.php?rest_route=\/wp\/v2\/media\/3771"}],"wp:attachment":[{"href":"https:\/\/hdpnoticias.com.ar\/index.php?rest_route=%2Fwp%2Fv2%2Fmedia&parent=8765"}],"wp:term":[{"taxonomy":"category","embeddable":true,"href":"https:\/\/hdpnoticias.com.ar\/index.php?rest_route=%2Fwp%2Fv2%2Fcategories&post=8765"},{"taxonomy":"post_tag","embeddable":true,"href":"https:\/\/hdpnoticias.com.ar\/index.php?rest_route=%2Fwp%2Fv2%2Ftags&post=8765"}],"curies":[{"name":"wp","href":"https:\/\/api.w.org\/{rel}","templated":true}]}}