{"id":8735,"date":"2024-09-24T22:47:30","date_gmt":"2024-09-25T01:47:30","guid":{"rendered":"https:\/\/hdpnoticias.com.ar\/?p=8735"},"modified":"2024-09-24T22:47:31","modified_gmt":"2024-09-25T01:47:31","slug":"magda-considera-indispensable-el-credito-en-esta-disputa-solo-pierden-los-vecinos","status":"publish","type":"post","link":"https:\/\/hdpnoticias.com.ar\/?p=8735","title":{"rendered":"Magda considera &#8220;indispensable&#8221; el cr\u00e9dito: En esta disputa s\u00f3lo pierden los vecinos"},"content":{"rendered":"\n<figure class=\"wp-block-image size-full\"><img loading=\"lazy\" decoding=\"async\" width=\"720\" height=\"90\" src=\"http:\/\/hdpnoticias.com.ar\/wp-content\/uploads\/2024\/05\/Copy-of-720x90-1.gif\" alt=\"\" class=\"wp-image-6806\"\/><\/figure>\n\n\n\n<p>\u201cTenemos que poner la mayor voluntad y tratar de trabajar juntos\u201d, dijo la intendente de Barranqueras: Magda Ayala, sobre la discusi\u00f3n que se da en la Legislatura provincial en torno al proyecto del Poder Ejecutivo para declarar la emergencia en materia energ\u00e9tica e h\u00eddrica y la autorizaci\u00f3n para la toma de un cr\u00e9dito de hasta 150 millones de d\u00f3lares para enfrentar esta situaci\u00f3n.<\/p>\n\n\n\n<p>Y en el mismo tono advirti\u00f3: \u201cCuando se dan estas disputas los \u00fanicos que salen perjudicados son nuestros vecinos. Lo sabemos porque la Municipalidad es el primer lugar al que la gente acude buscando ayuda\u201d.<\/p>\n\n\n\n<p>\u201cJam\u00e1s avalar\u00e9 poner palos en la rueda. Tenemos que generar la herramienta que el Gobernador necesita para gestionar\u201d, dijo, pero cont\u00f3 que algunos diputados entend\u00edan que hab\u00eda puntos del proyecto que no eran lo suficientemente espec\u00edficos o claros, por lo que abog\u00f3 por aprovechar el debate para resolver esas cuestiones.<\/p>\n\n\n\n<p>Tambi\u00e9n reiter\u00f3 el planteo de los intendentes opositores de la restituci\u00f3n del 2% de los fondos de participaci\u00f3n que la Provincia retiene desde marzo de 2019 para integrar el programa Chaco Subsidia, que se completa con una contrapartida de fondos provinciales.<\/p>\n","protected":false},"excerpt":{"rendered":"<p>\u201cTenemos que poner la mayor voluntad y tratar de trabajar juntos\u201d, dijo la intendente de Barranqueras: Magda Ayala, sobre la discusi\u00f3n que se da en la Legislatura provincial en torno al proyecto del Poder Ejecutivo para declarar la emergencia en materia energ\u00e9tica e h\u00eddrica y la autorizaci\u00f3n para la toma de un cr\u00e9dito de hasta [&hellip;]<\/p>\n","protected":false},"author":1,"featured_media":8736,"comment_status":"open","ping_status":"open","sticky":false,"template":"","format":"standard","meta":{"footnotes":""},"categories":[27],"tags":[],"class_list":["post-8735","post","type-post","status-publish","format-standard","has-post-thumbnail","hentry","category-politica"],"_links":{"self":[{"href":"https:\/\/hdpnoticias.com.ar\/index.php?rest_route=\/wp\/v2\/posts\/8735","targetHints":{"allow":["GET"]}}],"collection":[{"href":"https:\/\/hdpnoticias.com.ar\/index.php?rest_route=\/wp\/v2\/posts"}],"about":[{"href":"https:\/\/hdpnoticias.com.ar\/index.php?rest_route=\/wp\/v2\/types\/post"}],"author":[{"embeddable":true,"href":"https:\/\/hdpnoticias.com.ar\/index.php?rest_route=\/wp\/v2\/users\/1"}],"replies":[{"embeddable":true,"href":"https:\/\/hdpnoticias.com.ar\/index.php?rest_route=%2Fwp%2Fv2%2Fcomments&post=8735"}],"version-history":[{"count":1,"href":"https:\/\/hdpnoticias.com.ar\/index.php?rest_route=\/wp\/v2\/posts\/8735\/revisions"}],"predecessor-version":[{"id":8737,"href":"https:\/\/hdpnoticias.com.ar\/index.php?rest_route=\/wp\/v2\/posts\/8735\/revisions\/8737"}],"wp:featuredmedia":[{"embeddable":true,"href":"https:\/\/hdpnoticias.com.ar\/index.php?rest_route=\/wp\/v2\/media\/8736"}],"wp:attachment":[{"href":"https:\/\/hdpnoticias.com.ar\/index.php?rest_route=%2Fwp%2Fv2%2Fmedia&parent=8735"}],"wp:term":[{"taxonomy":"category","embeddable":true,"href":"https:\/\/hdpnoticias.com.ar\/index.php?rest_route=%2Fwp%2Fv2%2Fcategories&post=8735"},{"taxonomy":"post_tag","embeddable":true,"href":"https:\/\/hdpnoticias.com.ar\/index.php?rest_route=%2Fwp%2Fv2%2Ftags&post=8735"}],"curies":[{"name":"wp","href":"https:\/\/api.w.org\/{rel}","templated":true}]}}